{"id":6470,"date":"2019-08-19T12:51:00","date_gmt":"2019-08-19T12:51:00","guid":{"rendered":"http:\/\/www.radiopresidenteibanez.cl\/web\/?p=6470"},"modified":"2019-08-19T12:51:04","modified_gmt":"2019-08-19T12:51:04","slug":"fuerza-aerea-de-chile-recibe-saludo-de-agradecimiento-por-rescate-de-tripulacion-argentina-en-la-antartica","status":"publish","type":"post","link":"https:\/\/www.radiopresidenteibanez.cl\/web\/fuerza-aerea-de-chile-recibe-saludo-de-agradecimiento-por-rescate-de-tripulacion-argentina-en-la-antartica\/","title":{"rendered":"FUERZA A\u00c9REA DE CHILE RECIBE SALUDO DE AGRADECIMIENTO POR RESCATE DE TRIPULACI\u00d3N ARGENTINA EN LA ANT\u00c1RTICA"},"content":{"rendered":"\n<p>En el marco del lamentable accidente\nque sufriera recientemente una aeronave DHC-6 Twin Otter de la Fuerza A\u00e9rea Argentina\nen territorio ant\u00e1rtico y que le valiera una destacada participaci\u00f3n a la\nFuerza A\u00e9rea de Chile, al acudir en la b\u00fasqueda y posterior rescate de la\ntripulaci\u00f3n trasandina, el Comandante del Componente A\u00e9reo del Comando Conjunto\nAnt\u00e1rtico de Argentina, Comandante Gabriel Maldonado, hizo llegar un especial\nsaludo de agradecimiento a la Fuerza A\u00e9rea de Chile, en el cual destac\u00f3 el\nprofesionalismo de la tripulaci\u00f3n Institucional que permiti\u00f3 salvar las vidas\nde la totalidad de los ocupantes del avi\u00f3n accidentado.<\/p>\n\n\n\n<p><em>\u201cestimados amigos y\ncamaradas de la hermana rep\u00fablica de Chile. No tengo m\u00e1s que palabras de\nagradecimiento por el valor demostrado por la tripulaci\u00f3n del helic\u00f3ptero\nBell-412 liderada por el Comandante de Escuadrilla (A) Isaac Espinoza que realiz\u00f3\nel rescate de mis compatriotas. Gracias al arrojo y valent\u00eda de la tripulaci\u00f3n\nchilena nuestros camaradas est\u00e1n vivos\u201d. <\/em><\/p>\n\n\n\n<p>El rescate a\u00e9reo anteriormente\nse\u00f1alado, fue realizado bajo las m\u00e1s estrictas normas de seguridad a\u00e9rea\nestablecidas para el continente ant\u00e1rtico. Permite dar cuenta del alto grado de\npreparaci\u00f3n de las tripulaciones institucionales cuya experiencia ant\u00e1rtica\nresult\u00f3 vital para el cumplimiento de la misi\u00f3n. Todo ello&nbsp; en su conjunto permite validar la presencia\nde la Fuerza A\u00e9rea de Chile en tan inh\u00f3spito territorio.<\/p>\n","protected":false},"excerpt":{"rendered":"<p>En el marco del lamentable accidente que sufriera recientemente una aeronave DHC-6 Twin Otter de la Fuerza A\u00e9rea Argentina en territorio ant\u00e1rtico y que le valiera una destacada participaci\u00f3n a&#8230; <a class=\"read-more\" href=\"https:\/\/www.radiopresidenteibanez.cl\/web\/fuerza-aerea-de-chile-recibe-saludo-de-agradecimiento-por-rescate-de-tripulacion-argentina-en-la-antartica\/\">Leer m\u00e1s<\/a><\/p>\n","protected":false},"author":2,"featured_media":6471,"comment_status":"closed","ping_status":"closed","sticky":false,"template":"","format":"standard","meta":{"footnotes":""},"categories":[1],"tags":[],"class_list":["post-6470","post","type-post","status-publish","format-standard","has-post-thumbnail","hentry","category-cronica"],"_links":{"self":[{"href":"https:\/\/www.radiopresidenteibanez.cl\/web\/wp-json\/wp\/v2\/posts\/6470","targetHints":{"allow":["GET"]}}],"collection":[{"href":"https:\/\/www.radiopresidenteibanez.cl\/web\/wp-json\/wp\/v2\/posts"}],"about":[{"href":"https:\/\/www.radiopresidenteibanez.cl\/web\/wp-json\/wp\/v2\/types\/post"}],"author":[{"embeddable":true,"href":"https:\/\/www.radiopresidenteibanez.cl\/web\/wp-json\/wp\/v2\/users\/2"}],"replies":[{"embeddable":true,"href":"https:\/\/www.radiopresidenteibanez.cl\/web\/wp-json\/wp\/v2\/comments?post=6470"}],"version-history":[{"count":0,"href":"https:\/\/www.radiopresidenteibanez.cl\/web\/wp-json\/wp\/v2\/posts\/6470\/revisions"}],"wp:featuredmedia":[{"embeddable":true,"href":"https:\/\/www.radiopresidenteibanez.cl\/web\/wp-json\/wp\/v2\/media\/6471"}],"wp:attachment":[{"href":"https:\/\/www.radiopresidenteibanez.cl\/web\/wp-json\/wp\/v2\/media?parent=6470"}],"wp:term":[{"taxonomy":"category","embeddable":true,"href":"https:\/\/www.radiopresidenteibanez.cl\/web\/wp-json\/wp\/v2\/categories?post=6470"},{"taxonomy":"post_tag","embeddable":true,"href":"https:\/\/www.radiopresidenteibanez.cl\/web\/wp-json\/wp\/v2\/tags?post=6470"}],"curies":[{"name":"wp","href":"https:\/\/api.w.org\/{rel}","templated":true}]}}