{"id":6468,"date":"2019-08-19T12:47:58","date_gmt":"2019-08-19T12:47:58","guid":{"rendered":"http:\/\/www.radiopresidenteibanez.cl\/web\/?p=6468"},"modified":"2019-08-19T12:48:03","modified_gmt":"2019-08-19T12:48:03","slug":"partido-radical-se-refiere-al-uso-de-fuerza-utilizado-con-vecinos-del-sector-alto-de-punta-arenas","status":"publish","type":"post","link":"https:\/\/www.radiopresidenteibanez.cl\/web\/partido-radical-se-refiere-al-uso-de-fuerza-utilizado-con-vecinos-del-sector-alto-de-punta-arenas\/","title":{"rendered":"PARTIDO RADICAL SE REFIERE AL USO DE FUERZA UTILIZADO CON VECINOS DEL SECTOR ALTO DE PUNTA ARENAS"},"content":{"rendered":"\n<p>El Partido Radical de Chile, Regi\u00f3n de Magallanes y Ant\u00e1rtica\nChilena, rechaza de manera categ\u00f3rica la utilizaci\u00f3n de fuerza policial\nespecializada contra vecinos de Punta Arenas. <\/p>\n\n\n\n<p>Pobladores del sector Andino se movilizaron hoy, cansados por\nla falta de atenci\u00f3n y respeto que han recibido de parte del Sr. Alcalde,\nClaudio Radonich. <\/p>\n\n\n\n<p>El reclamo por acceso a servicios b\u00e1sicos, como son agua, luz\ny gas, es una demanda justa que ha sido deso\u00edda por la autoridad comunal, por m\u00e1s\nde un a\u00f1o. Y en una medida de presi\u00f3n ideada por los vecinos, con cara\ndescubierta, para conseguir la atenci\u00f3n alcaldicia, fueron violenta e\ninnecesariamente reprimidos con gases lacrim\u00f3genos y carro lanza aguas, sumado a\nla detenci\u00f3n de algunos de ellos, por orden emanada del Sr. Gobernador, Homero\nVillegas, a Carabineros.<\/p>\n\n\n\n<p>El Partido Radical condena este hecho, tan inusual en nuestro\nterritorio como desproporcionado; y repudia la indolencia contumaz del Alcalde y\nel abuso de poder institucional del Gobernador contra la poblaci\u00f3n, y les exige\nuna disculpa p\u00fablica. Adem\u00e1s, les insta a preocuparse genuinamente de los\nproblemas que afectan a las comunidades, y no concentrar tanta energ\u00eda en\nselfies, en apariencias, en far\u00e1ndula. <\/p>\n\n\n\n<p>El radicalismo regional reafirma su compromiso con el di\u00e1logo\ncomo medio para construir igualdad en el respeto y justicia en la soluci\u00f3n. <\/p>\n\n\n\n<p><strong>PARTIDO RADICAL DE\nCHILE<\/strong><\/p>\n\n\n\n<p><strong>REGI\u00d3N DE\nMAGALLANES Y ANT\u00c1RTICA CHILENA<\/strong><\/p>\n","protected":false},"excerpt":{"rendered":"<p>El Partido Radical de Chile, Regi\u00f3n de Magallanes y Ant\u00e1rtica Chilena, rechaza de manera categ\u00f3rica la utilizaci\u00f3n de fuerza policial especializada contra vecinos de Punta Arenas. Pobladores del sector Andino&#8230; <a class=\"read-more\" href=\"https:\/\/www.radiopresidenteibanez.cl\/web\/partido-radical-se-refiere-al-uso-de-fuerza-utilizado-con-vecinos-del-sector-alto-de-punta-arenas\/\">Leer m\u00e1s<\/a><\/p>\n","protected":false},"author":2,"featured_media":740,"comment_status":"closed","ping_status":"closed","sticky":false,"template":"","format":"standard","meta":{"footnotes":""},"categories":[1],"tags":[],"class_list":["post-6468","post","type-post","status-publish","format-standard","has-post-thumbnail","hentry","category-cronica"],"_links":{"self":[{"href":"https:\/\/www.radiopresidenteibanez.cl\/web\/wp-json\/wp\/v2\/posts\/6468","targetHints":{"allow":["GET"]}}],"collection":[{"href":"https:\/\/www.radiopresidenteibanez.cl\/web\/wp-json\/wp\/v2\/posts"}],"about":[{"href":"https:\/\/www.radiopresidenteibanez.cl\/web\/wp-json\/wp\/v2\/types\/post"}],"author":[{"embeddable":true,"href":"https:\/\/www.radiopresidenteibanez.cl\/web\/wp-json\/wp\/v2\/users\/2"}],"replies":[{"embeddable":true,"href":"https:\/\/www.radiopresidenteibanez.cl\/web\/wp-json\/wp\/v2\/comments?post=6468"}],"version-history":[{"count":0,"href":"https:\/\/www.radiopresidenteibanez.cl\/web\/wp-json\/wp\/v2\/posts\/6468\/revisions"}],"wp:featuredmedia":[{"embeddable":true,"href":"https:\/\/www.radiopresidenteibanez.cl\/web\/wp-json\/wp\/v2\/media\/740"}],"wp:attachment":[{"href":"https:\/\/www.radiopresidenteibanez.cl\/web\/wp-json\/wp\/v2\/media?parent=6468"}],"wp:term":[{"taxonomy":"category","embeddable":true,"href":"https:\/\/www.radiopresidenteibanez.cl\/web\/wp-json\/wp\/v2\/categories?post=6468"},{"taxonomy":"post_tag","embeddable":true,"href":"https:\/\/www.radiopresidenteibanez.cl\/web\/wp-json\/wp\/v2\/tags?post=6468"}],"curies":[{"name":"wp","href":"https:\/\/api.w.org\/{rel}","templated":true}]}}