{"id":6465,"date":"2019-08-19T12:36:24","date_gmt":"2019-08-19T12:36:24","guid":{"rendered":"http:\/\/www.radiopresidenteibanez.cl\/web\/?p=6465"},"modified":"2019-08-19T12:36:30","modified_gmt":"2019-08-19T12:36:30","slug":"primera-feria-de-empleo-y-emprendimiento-de-puerto-natales-ofrecio-150-cupos-laborales","status":"publish","type":"post","link":"https:\/\/www.radiopresidenteibanez.cl\/web\/primera-feria-de-empleo-y-emprendimiento-de-puerto-natales-ofrecio-150-cupos-laborales\/","title":{"rendered":"PRIMERA FERIA DE EMPLEO Y EMPRENDIMIENTO DE PUERTO NATALES OFRECI\u00d3 150 CUPOS LABORALES"},"content":{"rendered":"\n<p>Con el objetivo claro\nde reunir la demanda con la oferta local de empleo para los habitantes de la\nprovincia de \u00daltima Esperanza, este viernes 16 y s\u00e1bado 17 de agosto se dio\nvida a la primera Feria laboral y de emprendimiento en la Sala de Uso M\u00faltiple\nde la ciudad de Puerto Natales, instancia que recibi\u00f3 a cerca de dos centenares\nde postulantes en busca de nuevas oportunidades de empleo.<\/p>\n\n\n\n<p>La instancia,\norganizada estrat\u00e9gicamente por la Ilustre Municipalidad de Puerto Natales y el\nServicio Nacional de Capacitaci\u00f3n y Empleo (Sence) Magallanes, cont\u00f3 con la\nparticipaci\u00f3n de 12 empresas que ofrecieron un total de 150 cupos laborales y\npermiti\u00f3, adem\u00e1s, la presencia de 10 microempresarios, quienes pudieron dar a\nconocer sus productos y acercar su trabajo a la comunidad natalina.<\/p>\n\n\n\n<p>En palabras del Seremi\n(s) del Trabajo y Previsi\u00f3n Social, Marcelo Trivi\u00f1o, \u201cefectivamente, hemos sido\nparte de esta primera feria de empleo y emprendimiento que result\u00f3 todo un\n\u00e9xito con m\u00e1s de 300 visitantes. Lo m\u00e1s importante y que es el mandato de\nnuestro Presidente Sebasti\u00e1n Pi\u00f1era es que aqu\u00ed acercamos la necesidad de\nquienes buscan un trabajo con quienes lo ofrecen, preocup\u00e1ndonos de que,\nadem\u00e1s, sean puestos de trabajo de calidad. La feria cont\u00f3 con una amplia\noferta a partir de una diversidad de sectores productivos y que para nosotros\ncomo Ministerio del Trabajo es lo m\u00e1s importante, promover y asegurar la\ncalidad de los puestos de trabajo que se ofrecen\u201d.<\/p>\n\n\n\n<p>Es as\u00ed que m\u00e1s de 300&nbsp; personas visitaron la actividad en la que\nlos\/as interesados\/as tuvieron la oportunidad de postular y\/o participar en\nprocesos selectivos entre una oferta de puestos de trabajo, enfocados en\noficios de alta empleabilidad, especialmente en los rubros de Acuicultura y\nPesca, Turismo, Retail, Servicios y Comercio, adem\u00e1s de algunos stands\nde organismos p\u00fablicos, como el de Sence, que estuvo promocionando los cursos\ndisponibles del Programa \u201cDespega Mipe\u201d dirigidos a due\u00f1os, socios,\nrepresentantes legales y trabajadores de micro y peque\u00f1as empresas,\ncontribuyendo a la oferta program\u00e1tica vigente para los microempresarios de la\nzona.<\/p>\n\n\n\n<p>Este apoyo fue\naltamente valorado por el municipio local, a trav\u00e9s de las impresiones de\nAlfredo Alderete, alcalde protocolar de Puerto Natales. \u201cEstamos muy contentos\ncon el resultado de esta feria que surgi\u00f3 de un convenio de cooperaci\u00f3n que se\nhizo con Sence a partir del cual hemos estado trabajando a fin de preocuparnos\npor el bienestar de nuestra gente. Por eso, hablamos de feria de empleo y\nemprendimiento. Tuvimos varios stands, tanto del sector p\u00fablico como privado,\ndonde se ofreci\u00f3 trabajo a la gente y tambi\u00e9n tuvimos emprendedores ofreciendo\nel trabajo que han hecho. Eso para nosotros es muy importante, porque vemos que\nla gente se atrevi\u00f3 a participar, as\u00ed que nuestros agradecimientos a Sence que\nacept\u00f3 nuestra propuesta gracias a la cual esta instancia result\u00f3 todo un\n\u00e9xito\u201d.<\/p>\n\n\n\n<p>Al concluir el evento,\nTrivi\u00f1o aprovech\u00f3 de hacer una invitaci\u00f3n a los habitantes de Punta Arenas a\nser parte de la siguiente Feria de Empleo que se realizar\u00e1 el pr\u00f3ximo 03 de\nseptiembre en la capital regional de Magallanes.<\/p>\n","protected":false},"excerpt":{"rendered":"<p>Con el objetivo claro de reunir la demanda con la oferta local de empleo para los habitantes de la provincia de \u00daltima Esperanza, este viernes 16 y s\u00e1bado 17 de&#8230; <a class=\"read-more\" href=\"https:\/\/www.radiopresidenteibanez.cl\/web\/primera-feria-de-empleo-y-emprendimiento-de-puerto-natales-ofrecio-150-cupos-laborales\/\">Leer m\u00e1s<\/a><\/p>\n","protected":false},"author":2,"featured_media":6466,"comment_status":"closed","ping_status":"closed","sticky":false,"template":"","format":"standard","meta":{"footnotes":""},"categories":[1],"tags":[],"class_list":["post-6465","post","type-post","status-publish","format-standard","has-post-thumbnail","hentry","category-cronica"],"_links":{"self":[{"href":"https:\/\/www.radiopresidenteibanez.cl\/web\/wp-json\/wp\/v2\/posts\/6465","targetHints":{"allow":["GET"]}}],"collection":[{"href":"https:\/\/www.radiopresidenteibanez.cl\/web\/wp-json\/wp\/v2\/posts"}],"about":[{"href":"https:\/\/www.radiopresidenteibanez.cl\/web\/wp-json\/wp\/v2\/types\/post"}],"author":[{"embeddable":true,"href":"https:\/\/www.radiopresidenteibanez.cl\/web\/wp-json\/wp\/v2\/users\/2"}],"replies":[{"embeddable":true,"href":"https:\/\/www.radiopresidenteibanez.cl\/web\/wp-json\/wp\/v2\/comments?post=6465"}],"version-history":[{"count":0,"href":"https:\/\/www.radiopresidenteibanez.cl\/web\/wp-json\/wp\/v2\/posts\/6465\/revisions"}],"wp:featuredmedia":[{"embeddable":true,"href":"https:\/\/www.radiopresidenteibanez.cl\/web\/wp-json\/wp\/v2\/media\/6466"}],"wp:attachment":[{"href":"https:\/\/www.radiopresidenteibanez.cl\/web\/wp-json\/wp\/v2\/media?parent=6465"}],"wp:term":[{"taxonomy":"category","embeddable":true,"href":"https:\/\/www.radiopresidenteibanez.cl\/web\/wp-json\/wp\/v2\/categories?post=6465"},{"taxonomy":"post_tag","embeddable":true,"href":"https:\/\/www.radiopresidenteibanez.cl\/web\/wp-json\/wp\/v2\/tags?post=6465"}],"curies":[{"name":"wp","href":"https:\/\/api.w.org\/{rel}","templated":true}]}}