{"id":6463,"date":"2019-08-19T12:32:47","date_gmt":"2019-08-19T12:32:47","guid":{"rendered":"http:\/\/www.radiopresidenteibanez.cl\/web\/?p=6463"},"modified":"2019-08-19T12:32:51","modified_gmt":"2019-08-19T12:32:51","slug":"alineandose-por-pablo-cruz","status":"publish","type":"post","link":"https:\/\/www.radiopresidenteibanez.cl\/web\/alineandose-por-pablo-cruz\/","title":{"rendered":"ALINE\u00c1NDOSE por PABLO CRUZ"},"content":{"rendered":"\n<p>El alcalde de Valpara\u00edso, don Jorge Sharp, nuestro coterr\u00e1neo, como consecuencia de la tragedia que ha afectado a esa ciudad por el derrumbe de una casa en la falda de un cerro, ha hecho una en\u00e9rgica declaraci\u00f3n&nbsp; emplazando al Gobierno a destinar, en el pr\u00f3ximo presupuesto, una glosa especial para Valpara\u00edso, de modo que el municipio pueda ejecutar las alrededor de 200 \u00f3rdenes de demolici\u00f3n de viviendas en peligro de derrumbe, y hacer la reconstrucci\u00f3n correspondiente.<\/p>\n\n\n\n<p>De no hacerlo as\u00ed, recae en el Gobierno la responsabilidad de que puedan&nbsp; repetirse dramas como el reciente derrumbe.<\/p>\n\n\n\n<p>Resulta tan simp\u00e1tica, y hasta conmovedora, esa ingenuidad que tenemos los provincianos&nbsp; -es decir los que no vivimos en Santiago- de creer que basta decirle al Gobierno cuantos pares son tres moscas sobre los problemas de provincias, y pasarle la pelota para que haga la jugada correspondiente.<\/p>\n\n\n\n<p>Y nunca nos damos cuenta, para seguir con el ejemplo, que el Gobierno no nos da pelota, no est\u00e1 en el juego.<\/p>\n\n\n\n<p>Todas las regiones tenemos nuestros problemas: que la falta de pavimentaci\u00f3n, que la falta de agua potable, que la sequ\u00eda, que la falta de locomoci\u00f3n colectiva, que la conectividad, qu\u00e9 se yo.<\/p>\n\n\n\n<p>Y no entendemos, hasta que nos enteramos por diarios, televisi\u00f3n, radios y hasta redes sociales, que el Gobierno tiene otras prioridades.<\/p>\n\n\n\n<p>Diga usted, c\u00f3mo el Gobierno le va a dar fondos al alcalde porte\u00f1o para evitar que su ciudad se derrumbe, cuando es necesario construir nuevas l\u00edneas del Metro santiaguino, la l\u00ednea 6, la 7, la 8 y as\u00ed ad infinitum.<\/p>\n\n\n\n<p>Es posible que, en diez o veinte a\u00f1os m\u00e1s, el Metro se haya extendido tanto que llegue hasta Valpara\u00edso (en lugar del tren r\u00e1pido que le gustar\u00eda a los porte\u00f1os) y entonces alg\u00fan Presidente o Presidenta piense en darle algunos fondos a esa regi\u00f3n.<\/p>\n\n\n\n<p>Mientras tanto, sigan esperando alguna soluci\u00f3n.<\/p>\n\n\n\n<p>Si les sirve de consuelo, nunca va a haber una l\u00ednea del Metro hasta Magallanes.<\/p>\n","protected":false},"excerpt":{"rendered":"<p>El alcalde de Valpara\u00edso, don Jorge Sharp, nuestro coterr\u00e1neo, como consecuencia de la tragedia que ha afectado a esa ciudad por el derrumbe de una casa en la falda de&#8230; <a class=\"read-more\" href=\"https:\/\/www.radiopresidenteibanez.cl\/web\/alineandose-por-pablo-cruz\/\">Leer m\u00e1s<\/a><\/p>\n","protected":false},"author":2,"featured_media":6141,"comment_status":"closed","ping_status":"closed","sticky":false,"template":"","format":"standard","meta":{"footnotes":""},"categories":[1],"tags":[],"class_list":["post-6463","post","type-post","status-publish","format-standard","has-post-thumbnail","hentry","category-cronica"],"_links":{"self":[{"href":"https:\/\/www.radiopresidenteibanez.cl\/web\/wp-json\/wp\/v2\/posts\/6463","targetHints":{"allow":["GET"]}}],"collection":[{"href":"https:\/\/www.radiopresidenteibanez.cl\/web\/wp-json\/wp\/v2\/posts"}],"about":[{"href":"https:\/\/www.radiopresidenteibanez.cl\/web\/wp-json\/wp\/v2\/types\/post"}],"author":[{"embeddable":true,"href":"https:\/\/www.radiopresidenteibanez.cl\/web\/wp-json\/wp\/v2\/users\/2"}],"replies":[{"embeddable":true,"href":"https:\/\/www.radiopresidenteibanez.cl\/web\/wp-json\/wp\/v2\/comments?post=6463"}],"version-history":[{"count":0,"href":"https:\/\/www.radiopresidenteibanez.cl\/web\/wp-json\/wp\/v2\/posts\/6463\/revisions"}],"wp:featuredmedia":[{"embeddable":true,"href":"https:\/\/www.radiopresidenteibanez.cl\/web\/wp-json\/wp\/v2\/media\/6141"}],"wp:attachment":[{"href":"https:\/\/www.radiopresidenteibanez.cl\/web\/wp-json\/wp\/v2\/media?parent=6463"}],"wp:term":[{"taxonomy":"category","embeddable":true,"href":"https:\/\/www.radiopresidenteibanez.cl\/web\/wp-json\/wp\/v2\/categories?post=6463"},{"taxonomy":"post_tag","embeddable":true,"href":"https:\/\/www.radiopresidenteibanez.cl\/web\/wp-json\/wp\/v2\/tags?post=6463"}],"curies":[{"name":"wp","href":"https:\/\/api.w.org\/{rel}","templated":true}]}}