{"id":6461,"date":"2019-08-19T12:31:27","date_gmt":"2019-08-19T12:31:27","guid":{"rendered":"http:\/\/www.radiopresidenteibanez.cl\/web\/?p=6461"},"modified":"2019-08-19T12:31:34","modified_gmt":"2019-08-19T12:31:34","slug":"lecciones-de-argentina-por-ernesto-sepulveda","status":"publish","type":"post","link":"https:\/\/www.radiopresidenteibanez.cl\/web\/lecciones-de-argentina-por-ernesto-sepulveda\/","title":{"rendered":"LECCIONES DE ARGENTINA por ERNESTO SEPULVEDA"},"content":{"rendered":"\n<p>Amigos y amigas, la semana que pas\u00f3, qued\u00f3 marcada por los resultados de las primarias presidenciales en Argentina. El presidente Macri, candidato a la re elecci\u00f3n, representando a la derecha, se med\u00eda con una dupla integrada por Alberto Fern\u00e1ndez ex ministro de estado, y la ex presidenta Cristina Fern\u00e1ndez. La famosa se\u00f1ora K.<\/p>\n\n\n\n<p>En una campa\u00f1a furibunda el gobierno trat\u00f3 de demoler pieza por pieza el entramado de poder, amasado por d\u00e9cadas de gobiernos peronistas. Con grandes y medi\u00e1ticas investigaciones a miembros de la familia Kirchner, y miembros de su gabinete, por bullados casos de corrupci\u00f3n. Las elecciones primarias fueron, como era de esperar, una evaluaci\u00f3n a la marca econ\u00f3mica de la que fuera una de las mas importantes potencias de Am\u00e9rica del Sur.<\/p>\n\n\n\n<p>Argentina vive con la recesi\u00f3n a la vuelta de la esquina, la inflaci\u00f3n disparada, y permanente riesgo de default, ante las leoninas condiciones fijadas por el FMI. Entre los requisitos para aprobar el \u00faltimo \u201csalvataje\u201d, mediante multimillonarios cr\u00e9ditos, es aplicar ajuste severo en las cuentas fiscales, reducci\u00f3n del gasto y del aparato p\u00fablico. En alguna medida el presidente Macri, intent\u00f3 cumplir estas condiciones, pero los resultados no le acompa\u00f1aron.<\/p>\n\n\n\n<p>No s\u00f3lo el desempleo ha aumentado en estos 4 a\u00f1os de Macri, las im\u00e1genes de personas en la absoluta pobreza, extrayendo cosas de la basura, se han hecho frecuentes. La poblaci\u00f3n argentina acostumbrada a un buen pasar, o aun pasar tranquilo, est\u00e1 sumida en las deudas, vendiendo bienes para poder sobrevivir.<\/p>\n\n\n\n<p>Varios analistas explicaron la diferencia de m\u00e1s de 15 puntos entre Alberto Fern\u00e1ndez el candidato a presidente de la alianza peronista, y el presidente Macri, con una errada estrategia del gobierno, donde se trat\u00f3 de radicalizar el enfrentamiento ideol\u00f3gico con el peronismo. Pero no se puede hacer filosof\u00eda con la panza vac\u00eda.<\/p>\n\n\n\n<p>Despu\u00e9s de las primarias, vino la debacle de la bolsa de valores argentina, con una ca\u00edda hist\u00f3rica. Sumada a la ca\u00edda de los ADR de las empresas argentinas que se tranzan en la bolsa de Nueva York. El d\u00f3lar disparado, los capitales huyendo al exterior. Una p\u00e9sima noticia para los&nbsp;&nbsp;trabajadores argentinos, pero tambi\u00e9n para los trabajadores chilenos.<\/p>\n\n\n\n<p>En este escenario de virtual cat\u00e1strofe, lamentablemente, pudo m\u00e1s el ideologismo del presidente Macri, que el deseo de dar tranquilidad al mercado. La misma noche de la primaria, sali\u00f3 a culpar a los electores, e incluso a responsabilizar de los resultados econ\u00f3micos, al futuro gobierno. Anticipando de alg\u00fan modo, una eventual triunfo peronista en octubre.<\/p>\n\n\n\n<p>Al d\u00eda siguiente tuvo que salir a rectificar, atribuyendo sus palabras al cansancio, por no haber dormido, y a su sentimiento por la derrota.<\/p>\n\n\n\n<p>A los pocos d\u00edas, lanza un plan de gasto social, congelando precios, repartiendo bonos, con miras a recuperar apoyo popular. Un giro en 180 grados en la pol\u00edtica econ\u00f3mica que sigui\u00f3 estos 4 a\u00f1os. Las formulas que se criticaron acidamente al peronismo, se volvieron a aplicar, y con un plazo claro y evidente, rigen hasta el mes siguiente a las elecciones presidenciales.<\/p>\n\n\n\n<p>Hay muchas lecciones para Chile en estos eventos. Tambi\u00e9n ac\u00e1 se ha dise\u00f1ado una estrategia de demolici\u00f3n de la obra de los gobiernos anteriores de centro izquierda. Tambi\u00e9n ac\u00e1 se hizo campa\u00f1a presidencial, y antes de eso, se hizo oposici\u00f3n pol\u00edtica, criticando el manejo econ\u00f3mico del gobierno de la presidenta Bachelet. Se debilit\u00f3 la confianza en la marcha de la econom\u00eda, se invent\u00f3 el mote de \u201cChilezuela\u201d. Se prometi\u00f3 el oro y el moro.<\/p>\n\n\n\n<p>Y al igual que en Argentina, ni en&nbsp;&nbsp;crecimiento econ\u00f3mico, ni en desempleo, el gobierno ha tenido&nbsp;&nbsp;el resultado esperado.<\/p>\n\n\n\n<p>Es motivo para contentarse? Nadie ni por fan\u00e1tico que sea, debiera alegrarse porque los resultados econ\u00f3micos son malos. Cuando se pierden empleos, el tejido social se resiente, se afecta a la peque\u00f1a econom\u00eda, la econom\u00eda dom\u00e9stica. La del barrio, la del peque\u00f1o comercio. Y cuando los resultados son deplorables como en el caso argentino, hasta sus vecinos de la Patagonia lo sentimos.<\/p>\n\n\n\n<p>Ya no vemos los tour de compras de nuestros hermanos del otro lado del alambre. La baja de ventas en zona franca y en el Mall de Punta Arenas, son innegables, y producen perdidas concretas y palpables. Ni siquiera hay que ir a la bolsa, para comprobarlo.<\/p>\n\n\n\n<p>Lamentamos mucho la situaci\u00f3n argentina. Y discrepamos con fuerza, de quienes usan el hambre o la cesant\u00eda como argumentos de campa\u00f1a, sea en un sentido o en el otro. Nadie tiene clavada la rueda de la econom\u00eda, y el \u00e9xito de las comunidades y de los pa\u00edses, pasa por entender que nos necesitamos todos.<\/p>\n\n\n\n<p>No s\u00f3lo el capital interesa para mover la econom\u00eda, quienes creen que por la sola llegada de capitales, a econom\u00eda comienza a repuntar, olvidan que esta no es una ciencia exacta. Est\u00e1 influida fuertemente por percepciones, por visiones subjetivas, por opiniones. Y si estas percepciones y visiones subjetivas, son manipuladas por discursos populistas, por discursos falaces y por fake news, da lo mismo quien gane las elecciones. Recuperar la confianza de los actores sociales&nbsp;&nbsp;econ\u00f3micos, lleva m\u00e1s de un per\u00edodo presidencial.<\/p>\n\n\n\n<p>No somos peronistas, sino cr\u00edticos de su conducci\u00f3n pol\u00edtica y econ\u00f3mica. No es extrapolable a Chile el fen\u00f3meno del peronismo. Pero si los hermanos argentinos optan por ese camino, tienen y tendr\u00e1n en Chile, el apoyo que corresponda, para que retomen la senda del progreso social y econ\u00f3mico.<\/p>\n\n\n\n<p>Nosotros tenemos un gran desaf\u00edo. Sin unidad no hay alternativa posible a la derecha. Sin racionalidad pol\u00edtica y econ\u00f3mica, no hay alternativa posible para el desarrollo de Chile.<\/p>\n\n\n\n<p>Y el desarrollo de Chile, es una tarea y una misi\u00f3n de todos, no s\u00f3lo del gobierno de turno.<\/p>\n\n\n\n<p>Amigas y amigos, soy Ernesto Sep\u00falveda, deseando que Argentina deje atr\u00e1s la polarizaci\u00f3n y retome los caminos del encuentro.<\/p>\n\n\n\n<p>Punta Arenas, lunes 19 de agosto 2019.-<\/p>\n","protected":false},"excerpt":{"rendered":"<p>Amigos y amigas, la semana que pas\u00f3, qued\u00f3 marcada por los resultados de las primarias presidenciales en Argentina. El presidente Macri, candidato a la re elecci\u00f3n, representando a la derecha,&#8230; <a class=\"read-more\" href=\"https:\/\/www.radiopresidenteibanez.cl\/web\/lecciones-de-argentina-por-ernesto-sepulveda\/\">Leer m\u00e1s<\/a><\/p>\n","protected":false},"author":2,"featured_media":2310,"comment_status":"closed","ping_status":"closed","sticky":false,"template":"","format":"standard","meta":{"footnotes":""},"categories":[1],"tags":[],"class_list":["post-6461","post","type-post","status-publish","format-standard","has-post-thumbnail","hentry","category-cronica"],"_links":{"self":[{"href":"https:\/\/www.radiopresidenteibanez.cl\/web\/wp-json\/wp\/v2\/posts\/6461","targetHints":{"allow":["GET"]}}],"collection":[{"href":"https:\/\/www.radiopresidenteibanez.cl\/web\/wp-json\/wp\/v2\/posts"}],"about":[{"href":"https:\/\/www.radiopresidenteibanez.cl\/web\/wp-json\/wp\/v2\/types\/post"}],"author":[{"embeddable":true,"href":"https:\/\/www.radiopresidenteibanez.cl\/web\/wp-json\/wp\/v2\/users\/2"}],"replies":[{"embeddable":true,"href":"https:\/\/www.radiopresidenteibanez.cl\/web\/wp-json\/wp\/v2\/comments?post=6461"}],"version-history":[{"count":0,"href":"https:\/\/www.radiopresidenteibanez.cl\/web\/wp-json\/wp\/v2\/posts\/6461\/revisions"}],"wp:featuredmedia":[{"embeddable":true,"href":"https:\/\/www.radiopresidenteibanez.cl\/web\/wp-json\/wp\/v2\/media\/2310"}],"wp:attachment":[{"href":"https:\/\/www.radiopresidenteibanez.cl\/web\/wp-json\/wp\/v2\/media?parent=6461"}],"wp:term":[{"taxonomy":"category","embeddable":true,"href":"https:\/\/www.radiopresidenteibanez.cl\/web\/wp-json\/wp\/v2\/categories?post=6461"},{"taxonomy":"post_tag","embeddable":true,"href":"https:\/\/www.radiopresidenteibanez.cl\/web\/wp-json\/wp\/v2\/tags?post=6461"}],"curies":[{"name":"wp","href":"https:\/\/api.w.org\/{rel}","templated":true}]}}