{"id":6457,"date":"2019-08-18T14:38:48","date_gmt":"2019-08-18T14:38:48","guid":{"rendered":"http:\/\/www.radiopresidenteibanez.cl\/web\/?p=6457"},"modified":"2019-08-18T14:38:55","modified_gmt":"2019-08-18T14:38:55","slug":"trabajadores-de-la-construccion-y-sus-familias-disfrutaron-de-dos-clasicas-obras-de-teatro-en-punta-arenas","status":"publish","type":"post","link":"https:\/\/www.radiopresidenteibanez.cl\/web\/trabajadores-de-la-construccion-y-sus-familias-disfrutaron-de-dos-clasicas-obras-de-teatro-en-punta-arenas\/","title":{"rendered":"TRABAJADORES DE LA CONSTRUCCI\u00d3N Y SUS FAMILIAS DISFRUTARON DE DOS CL\u00c1SICAS OBRAS DE TEATRO EN PUNTA ARENAS"},"content":{"rendered":"\n<p>\u201cPatito Feo y \u201cViaje al centro de la tierra\u201d fueron las piezas teatrales presentadas por la C\u00e1mara Chilena de la Construcci\u00f3n de Punta Arenas, a trav\u00e9s de la Corporaci\u00f3n Cultural, en una jornada doble que se realiz\u00f3 este s\u00e1bado y reuni\u00f3 a casi cuatrocientos &nbsp;trabajadores de la construcci\u00f3n y sus familias en el Centro Cultural.<\/p>\n\n\n\n<p>La primera obra, presentada a mediod\u00eda, tuvo como foco a los m\u00e1s peque\u00f1os, quienes pudieron disfrutar de \u201cPatito Feo\u201d, adaptaci\u00f3n teatral del tradicional cuento de Hans Christian Andersen, que relata la historia de un patito que no es aceptado por el resto por ser diferente, lo que lo lleva a vivir situaciones dif\u00edciles y aventuras emocionantes.<\/p>\n\n\n\n<p>\u201cLa obra fue muy hermosa: no hab\u00eda visto una as\u00ed, con este tipo de efectos y fue estaba muy bien hecha para ni\u00f1os todas las edades. Me encant\u00f3 la invitaci\u00f3n de contarles un cuento, eso es algo maravilloso que no debemos olvidar\u00bb, indic\u00f3 Marina Far\u00edas quien asisti\u00f3 con sus hijos de 17 y 7 a\u00f1os, gracias a la invitaci\u00f3n de su suegro quien es trabajador de Salfa, empresa socia de CChC Punta Arenas.<\/p>\n\n\n\n<p>Por su parte, la obra basada en la novela de Julio Verne \u201cViaje al centro de la tierra\u201d se realiz\u00f3 a las 19:00&nbsp;horas, y cont\u00f3 la historia de dos cient\u00edficos que, luego de descifrar un papiro que explica c\u00f3mo llegar al centro del planeta, deciden realizar la traves\u00eda que los lleva a vivir grandes aventuras.&nbsp;<\/p>\n\n\n\n<p>\u00abMe encant\u00f3 la obra, fue fant\u00e1stica. Una creatividad impresionante y el nivel de los actores es buen\u00edsimo. Muy precioso todo y agradecemos estas instancias de cultura\u00bb, dijo Mar\u00eda Isabel Taboada, madre de un trabajador de la construcci\u00f3n de Punta Arenas, que asisti\u00f3 junto a su familia.<\/p>\n\n\n\n<p>Cabe destacar que estas obras de&nbsp;teatro&nbsp;son parte de los programas sociales que la C\u00e1mara Chilena de la Construcci\u00f3n pone a disposici\u00f3n de sus empresas socias. El Teatro Familiar que desarrolla la Corporaci\u00f3n Cultural de la CChC busca \u201ccontribuir a la cultura y el arte, llevando obras y espect\u00e1culos de calidad a los trabajadores y sus familias\u201d, indic\u00f3 Mat\u00edas Awad, gerente general de la entidad.&nbsp;<\/p>\n","protected":false},"excerpt":{"rendered":"<p>\u201cPatito Feo y \u201cViaje al centro de la tierra\u201d fueron las piezas teatrales presentadas por la C\u00e1mara Chilena de la Construcci\u00f3n de Punta Arenas, a trav\u00e9s de la Corporaci\u00f3n Cultural,&#8230; <a class=\"read-more\" href=\"https:\/\/www.radiopresidenteibanez.cl\/web\/trabajadores-de-la-construccion-y-sus-familias-disfrutaron-de-dos-clasicas-obras-de-teatro-en-punta-arenas\/\">Leer m\u00e1s<\/a><\/p>\n","protected":false},"author":2,"featured_media":6458,"comment_status":"closed","ping_status":"closed","sticky":false,"template":"","format":"standard","meta":{"footnotes":""},"categories":[1],"tags":[],"class_list":["post-6457","post","type-post","status-publish","format-standard","has-post-thumbnail","hentry","category-cronica"],"_links":{"self":[{"href":"https:\/\/www.radiopresidenteibanez.cl\/web\/wp-json\/wp\/v2\/posts\/6457","targetHints":{"allow":["GET"]}}],"collection":[{"href":"https:\/\/www.radiopresidenteibanez.cl\/web\/wp-json\/wp\/v2\/posts"}],"about":[{"href":"https:\/\/www.radiopresidenteibanez.cl\/web\/wp-json\/wp\/v2\/types\/post"}],"author":[{"embeddable":true,"href":"https:\/\/www.radiopresidenteibanez.cl\/web\/wp-json\/wp\/v2\/users\/2"}],"replies":[{"embeddable":true,"href":"https:\/\/www.radiopresidenteibanez.cl\/web\/wp-json\/wp\/v2\/comments?post=6457"}],"version-history":[{"count":0,"href":"https:\/\/www.radiopresidenteibanez.cl\/web\/wp-json\/wp\/v2\/posts\/6457\/revisions"}],"wp:featuredmedia":[{"embeddable":true,"href":"https:\/\/www.radiopresidenteibanez.cl\/web\/wp-json\/wp\/v2\/media\/6458"}],"wp:attachment":[{"href":"https:\/\/www.radiopresidenteibanez.cl\/web\/wp-json\/wp\/v2\/media?parent=6457"}],"wp:term":[{"taxonomy":"category","embeddable":true,"href":"https:\/\/www.radiopresidenteibanez.cl\/web\/wp-json\/wp\/v2\/categories?post=6457"},{"taxonomy":"post_tag","embeddable":true,"href":"https:\/\/www.radiopresidenteibanez.cl\/web\/wp-json\/wp\/v2\/tags?post=6457"}],"curies":[{"name":"wp","href":"https:\/\/api.w.org\/{rel}","templated":true}]}}