{"id":64566,"date":"2026-05-03T09:22:00","date_gmt":"2026-05-03T12:22:00","guid":{"rendered":"https:\/\/www.radiopresidenteibanez.cl\/web\/?p=64566"},"modified":"2026-05-03T00:36:20","modified_gmt":"2026-05-03T03:36:20","slug":"ministro-ivan-poduje-realiza-primera-visita-a-magallanes-con-agenda-enfocada-en-proyectos-habitacionales-y-encuentro-con-familias","status":"publish","type":"post","link":"https:\/\/www.radiopresidenteibanez.cl\/web\/ministro-ivan-poduje-realiza-primera-visita-a-magallanes-con-agenda-enfocada-en-proyectos-habitacionales-y-encuentro-con-familias\/","title":{"rendered":"Ministro Ivan Poduje realiza primera visita a Magallanes con agenda enfocada en proyectos habitacionales y encuentro con familias"},"content":{"rendered":"\n<p>En el marco de su primera visita a la Regi\u00f3n de Magallanes, el ministro de Vivienda y Urbanismo, Ivan Poduje, desarroll\u00f3 una agenda de trabajo en la capital regional, orientada a revisar el estado de avance de iniciativas habitacionales, fortalecer la coordinaci\u00f3n con parlamentario, autoridades locales y compartir con dirigencias sociales.<br>La jornada comenz\u00f3 con una reuni\u00f3n de trabajo junto a equipos de la Secretar\u00eda Regional<br>Ministerial de Vivienda y Urbanismo y del Servicio de Vivienda y Urbanizaci\u00f3n (Serviu),<br>instancia en la que se abordaron los principales proyectos en desarrollo en la regi\u00f3n, as\u00ed como los desaf\u00edos asociados a la demanda habitacional, disponibilidad de terrenos y planificaci\u00f3n urbana.<\/p>\n\n\n\n<p>Uno de los temas abordados por la autoridad fue el cierre de dos asentamientos precarios ubicados en la ciudad, respecto a lo cual se\u00f1al\u00f3. \u201cEstas casas est\u00e1n en una zona con una serie de riesgos, pero lo m\u00e1s importante es que generan un problema sanitario severo que afecta a un jard\u00edn infantil, a un consultorio, a viviendas. Estuvimos con las familias que hoy d\u00eda reciben todos los problemas. As\u00ed es que vamos a hacer un desalojo de este asentamiento irregular de la manera m\u00e1s cuidadosa posible pero tambi\u00e9n muy decidida\u201d.<\/p>\n\n\n\n<p>Durante la tarde, la autoridad se traslad\u00f3 hasta el sector donde se ejecuta el proyecto habitacional de integraci\u00f3n social y territorial \u201cCiudad de los Vientos\u201d, iniciativa que considera la construcci\u00f3n de las primeras 250 viviendas y departamentos de un total de 740 unidades. La iniciativa se inserta en un Plan Urbano Habitacional de 18 hect\u00e1reas, que dar\u00e1 cabida a equipamiento, \u00e1reas destinadas a servicios, un parque urbano y obras viales.<\/p>\n\n\n\n<p>Luego de recorrer las obras junto a equipos t\u00e9cnicos y conocer el avance del proyecto, el ministro se refiri\u00f3 a la visita y sostuvo. \u201cFuimos a ver los proyectos de Ciudad de los Vientos que va a ser un proyecto emblem\u00e1tico que vamos a lanzar con nuevas viviendas para las familias\u201d. Adem\u00e1s, agreg\u00f3 que, instruir\u00e1 que las viviendas que estaban destinadas al programa de arriendo a precio justo, sean entregadas en propiedad.<br>\u201cEl Presidente Kast ha dicho y lo dijimos nosotros tambi\u00e9n en campa\u00f1a, que nuestro foco<br>es la casa propia. Y bueno, ven\u00edamos heredando unas casas que se constru\u00edan nuevas<br>destinadas solo a arriendo, y hemos decidido revertir eso, no solo ac\u00e1, sino que en varios<br>proyectos. Y estas casas van a ser entregadas en propiedad\u201d.<\/p>\n\n\n\n<p>La agenda concluy\u00f3 con la participaci\u00f3n del secretario de Estado en la entrega de subsi-<br>dios habitacionales a familias de la comuna de Punta Arenas, actividad realizada en el edificio de los Servicios P\u00fablicos, donde 454 familias recibieron sus certificados. Todas pertenecientes a distintas agrupaciones de vivienda de la regi\u00f3n adscritas a tres proyectos habitacionales para familias vulnerables.<\/p>\n\n\n\n<p>En la instancia, la autoridad comparti\u00f3 con dirigentas, socias, socios, comit\u00e9s y familias<br>que llegaron al lugar, donde pudo entregarles su subsidio y destac\u00f3 la importancia de<br>este proceso, que es el primer paso para lograr el sue\u00f1o de tener un hogar.<br>El Seremi de Vivienda y Urbanismo, Rodolfo Guajardo Barr\u00eda, inform\u00f3 que se trata de los proyectos habitacionales del programa DS49, condominio \u201cEdificios los Flamencos 3\u201d, \u201cValle Los Sauces 9\u201d y \u201cEl Tr\u00e9bol 51-C\u201d, cuyos subsidios habitacionales se otorgaron a inicios de abril por un monto total que supera los 48.700 millones de pesos.<br>\u201cFueron entregados m\u00e1s de 400 subsidios habitacionales del Programa Fondo Solidario de Elecci\u00f3n de Vivienda D.S. N\u00b0 49, son tres nuevos conjuntos habitacionales que se construir\u00e1n en Punta Arenas y la verdad es que, para muchas familias este es el comienzo para alcanzar el sue\u00f1o de la casa propia\u201d.<br>Una de las integrantes del proyecto \u201cValle Los Sauces 9\u201d, Jennifer \u00c1lvarez Vargas, expres\u00f3<br>su emoci\u00f3n y su esperanza despu\u00e9s de este momento tan importante. \u201cLa verdad es que<br>lo esperaba hace mucho tiempo, tengo mi familia, que son un n\u00facleo de cuatro personas,<br>mis dos hijos y mi pareja, as\u00ed que estamos felices, la verdad es que ha sido reconfortante<br>despu\u00e9s de tantos a\u00f1os esperando\u201d.<br>El ministro manifest\u00f3 que, en las pr\u00f3ximas visitas, abordar\u00e1 el desarrollo habitacional en<br>comunas como Natales y Timaukel, donde se construir\u00e1 el conjunto habitacional \u201cPampa<br>del C\u00f3ndor\u201d y donde el municipio proyecta el traslado de su centro c\u00edvico hasta Pampa Guanaco, en el extremo sur de Tierra del Fuego, reforzando la presencia soberana en lugares apartados.<\/p>\n\n\n\n<p>Antes de subir al avi\u00f3n para volver a la regi\u00f3n Metropolitana, el ministro realiz\u00f3 una \u00faltima parada, visitando a los vecinos del sector de Pampa Redonda, que han tenido graves problemas sanitarios por la falta de un colector que canalice las aguas lluvias y otros residuos. En el lugar, el jefe de la cartera del Minvu, junto con el Seremi, se comprometieron a revisar los antecedentes y le pidi\u00f3 a la autoridad regional, trabajar en alternativas en las pr\u00f3ximas semanas.<\/p>\n","protected":false},"excerpt":{"rendered":"<p>En el marco de su primera visita a la Regi\u00f3n de Magallanes, el ministro de Vivienda y Urbanismo, Ivan Poduje, desarroll\u00f3 una agenda de trabajo en la capital regional, orientada&#8230; <a class=\"read-more\" href=\"https:\/\/www.radiopresidenteibanez.cl\/web\/ministro-ivan-poduje-realiza-primera-visita-a-magallanes-con-agenda-enfocada-en-proyectos-habitacionales-y-encuentro-con-familias\/\">Leer m\u00e1s<\/a><\/p>\n","protected":false},"author":2,"featured_media":64567,"comment_status":"closed","ping_status":"closed","sticky":false,"template":"","format":"standard","meta":{"footnotes":""},"categories":[1],"tags":[],"class_list":["post-64566","post","type-post","status-publish","format-standard","has-post-thumbnail","hentry","category-cronica"],"_links":{"self":[{"href":"https:\/\/www.radiopresidenteibanez.cl\/web\/wp-json\/wp\/v2\/posts\/64566","targetHints":{"allow":["GET"]}}],"collection":[{"href":"https:\/\/www.radiopresidenteibanez.cl\/web\/wp-json\/wp\/v2\/posts"}],"about":[{"href":"https:\/\/www.radiopresidenteibanez.cl\/web\/wp-json\/wp\/v2\/types\/post"}],"author":[{"embeddable":true,"href":"https:\/\/www.radiopresidenteibanez.cl\/web\/wp-json\/wp\/v2\/users\/2"}],"replies":[{"embeddable":true,"href":"https:\/\/www.radiopresidenteibanez.cl\/web\/wp-json\/wp\/v2\/comments?post=64566"}],"version-history":[{"count":1,"href":"https:\/\/www.radiopresidenteibanez.cl\/web\/wp-json\/wp\/v2\/posts\/64566\/revisions"}],"predecessor-version":[{"id":64568,"href":"https:\/\/www.radiopresidenteibanez.cl\/web\/wp-json\/wp\/v2\/posts\/64566\/revisions\/64568"}],"wp:featuredmedia":[{"embeddable":true,"href":"https:\/\/www.radiopresidenteibanez.cl\/web\/wp-json\/wp\/v2\/media\/64567"}],"wp:attachment":[{"href":"https:\/\/www.radiopresidenteibanez.cl\/web\/wp-json\/wp\/v2\/media?parent=64566"}],"wp:term":[{"taxonomy":"category","embeddable":true,"href":"https:\/\/www.radiopresidenteibanez.cl\/web\/wp-json\/wp\/v2\/categories?post=64566"},{"taxonomy":"post_tag","embeddable":true,"href":"https:\/\/www.radiopresidenteibanez.cl\/web\/wp-json\/wp\/v2\/tags?post=64566"}],"curies":[{"name":"wp","href":"https:\/\/api.w.org\/{rel}","templated":true}]}}