{"id":64538,"date":"2026-04-30T16:47:00","date_gmt":"2026-04-30T19:47:00","guid":{"rendered":"https:\/\/www.radiopresidenteibanez.cl\/web\/?p=64538"},"modified":"2026-04-30T16:00:03","modified_gmt":"2026-04-30T19:00:03","slug":"denuncia-sobre-la-persecucion-laboral-y-migratoria","status":"publish","type":"post","link":"https:\/\/www.radiopresidenteibanez.cl\/web\/denuncia-sobre-la-persecucion-laboral-y-migratoria\/","title":{"rendered":"DENUNCIA SOBRE LA PERSECUCION LABORAL Y MIGRATORIA"},"content":{"rendered":"\n<p>A trav\u00e9s del presente, diversas organizaciones y trabajadores en alerta manifestamos nuestro<br>m\u00e1s en\u00e9rgico rechazo a las recientes pol\u00edticas de persecuci\u00f3n y estrangulamiento que el<br>actual gobierno est\u00e1 ejecutando contra la poblaci\u00f3n migrante trabajadora. Denunciamos una<br>estrategia coordinada que busca precarizar la vida de quienes solo desean trabajar<br>honradamente.<\/p>\n\n\n\n<ol class=\"wp-block-list\">\n<li>Persecuci\u00f3n Laboral y Multas Arbitrarias<br>Denunciamos la aplicaci\u00f3n de multas sistem\u00e1ticas basadas en la Ley N\u00b0 21.325, las cuales no<br>buscan la regularizaci\u00f3n, sino el agobio econ\u00f3mico del trabajador. Bajo este esquema, se<br>castiga a empleadores y empleados, empujando a miles de personas a la clandestinidad y la<br>exclusi\u00f3n.<\/li>\n\n\n\n<li>El Dictamen N\u00b0 D138\/2026: Una Medida Discriminatoria<br>Alertamos sobre el impacto del Dictamen N\u00b0 D138\/2026 de la Contralor\u00eda, el cual proh\u00edbe de<br>forma injusta que extranjeros con residencia legal sigan sirviendo en municipalidades. Esta<br>medida no solo es discriminatoria, sino que pone en riesgo servicios cr\u00edticos, como los del<br>Cementerio General, amenazando con provocar una crisis sanitaria en la capital por pura<br>ceguera ideol\u00f3gica.<\/li>\n\n\n\n<li>Instrumentalizaci\u00f3n Pol\u00edtica y Alianzas Internacionales<br>Sostenemos que estas medidas no responden a una gesti\u00f3n t\u00e9cnica, sino a una agenda<br>autoritaria alineada con intereses externos. Se utiliza el hambre y la incertidumbre como<br>herramientas para forzar el retorno de ciudadanos a Venezuela, con el fin de que act\u00faen como<br>peones pol\u00edticos de figuras de la oposici\u00f3n como Mar\u00eda Corina, bajo la sombra de la influencia<br>de poderes internacionales.<\/li>\n\n\n\n<li>La Ineficiencia como Castigo<br>El propio Estado admite su incapacidad administrativa al no contar con personal diplom\u00e1tico<br>ni canales para gestionar salvoconductos o verificaciones de identidad. En lugar de buscar<br>soluciones humanas, el gobierno prefiere mantener a las personas en un \u00ablimbo\u00bb judicial y<br>administrativo por plazos superiores a los 180 d\u00edas.<br>\u00a1EXIGIMOS EL CESE INMEDIATO DE LAS MULTAS Y LA DEROGACI\u00d3N DE LOS DICT\u00c1MENES<\/li>\n<\/ol>\n\n\n\n<p>QUE IMPIDEN EL DERECHO AL TRABAJO!<\/p>\n\n\n\n<p>\u201cEl trabajo es un derecho, no una moneda de cambio pol\u00edtica.\u201d<\/p>\n","protected":false},"excerpt":{"rendered":"<p>A trav\u00e9s del presente, diversas organizaciones y trabajadores en alerta manifestamos nuestrom\u00e1s en\u00e9rgico rechazo a las recientes pol\u00edticas de persecuci\u00f3n y estrangulamiento que elactual gobierno est\u00e1 ejecutando contra la poblaci\u00f3n&#8230; <a class=\"read-more\" href=\"https:\/\/www.radiopresidenteibanez.cl\/web\/denuncia-sobre-la-persecucion-laboral-y-migratoria\/\">Leer m\u00e1s<\/a><\/p>\n","protected":false},"author":2,"featured_media":64539,"comment_status":"closed","ping_status":"closed","sticky":false,"template":"","format":"standard","meta":{"footnotes":""},"categories":[1],"tags":[],"class_list":["post-64538","post","type-post","status-publish","format-standard","has-post-thumbnail","hentry","category-cronica"],"_links":{"self":[{"href":"https:\/\/www.radiopresidenteibanez.cl\/web\/wp-json\/wp\/v2\/posts\/64538","targetHints":{"allow":["GET"]}}],"collection":[{"href":"https:\/\/www.radiopresidenteibanez.cl\/web\/wp-json\/wp\/v2\/posts"}],"about":[{"href":"https:\/\/www.radiopresidenteibanez.cl\/web\/wp-json\/wp\/v2\/types\/post"}],"author":[{"embeddable":true,"href":"https:\/\/www.radiopresidenteibanez.cl\/web\/wp-json\/wp\/v2\/users\/2"}],"replies":[{"embeddable":true,"href":"https:\/\/www.radiopresidenteibanez.cl\/web\/wp-json\/wp\/v2\/comments?post=64538"}],"version-history":[{"count":1,"href":"https:\/\/www.radiopresidenteibanez.cl\/web\/wp-json\/wp\/v2\/posts\/64538\/revisions"}],"predecessor-version":[{"id":64540,"href":"https:\/\/www.radiopresidenteibanez.cl\/web\/wp-json\/wp\/v2\/posts\/64538\/revisions\/64540"}],"wp:featuredmedia":[{"embeddable":true,"href":"https:\/\/www.radiopresidenteibanez.cl\/web\/wp-json\/wp\/v2\/media\/64539"}],"wp:attachment":[{"href":"https:\/\/www.radiopresidenteibanez.cl\/web\/wp-json\/wp\/v2\/media?parent=64538"}],"wp:term":[{"taxonomy":"category","embeddable":true,"href":"https:\/\/www.radiopresidenteibanez.cl\/web\/wp-json\/wp\/v2\/categories?post=64538"},{"taxonomy":"post_tag","embeddable":true,"href":"https:\/\/www.radiopresidenteibanez.cl\/web\/wp-json\/wp\/v2\/tags?post=64538"}],"curies":[{"name":"wp","href":"https:\/\/api.w.org\/{rel}","templated":true}]}}