{"id":64535,"date":"2026-04-30T15:58:00","date_gmt":"2026-04-30T18:58:00","guid":{"rendered":"https:\/\/www.radiopresidenteibanez.cl\/web\/?p=64535"},"modified":"2026-04-30T15:12:34","modified_gmt":"2026-04-30T18:12:34","slug":"subdere-participa-en-encuentro-chile-por-chile-donde-gobernadores-del-sur-impulsan-conectividad-bimodal-para-la-macrozona-austral","status":"publish","type":"post","link":"https:\/\/www.radiopresidenteibanez.cl\/web\/subdere-participa-en-encuentro-chile-por-chile-donde-gobernadores-del-sur-impulsan-conectividad-bimodal-para-la-macrozona-austral\/","title":{"rendered":"SUBDERE participa en encuentro \u00abChile por Chile\u00bb donde gobernadores del sur impulsan conectividad bimodal para la macrozona austral"},"content":{"rendered":"\n<p>En el marco de los desaf\u00edos de conectividad que enfrenta la macrozona austral del pa\u00eds, se desarroll\u00f3 en Puerto Natales el encuentro denominado \u00abChile por Chile\u00bb, instancia convocada por los gobernadores regionales de Los Lagos, Ays\u00e9n y Magallanes. Esta alianza interregional busca generar una conectividad integral de forma bimodal \u2014por tierra y por mar\u2014, permitiendo recorrer el territorio nacional de manera \u00edntegra sin depender de las rutas que hoy transitan por Argentina. En representaci\u00f3n de la Subsecretar\u00eda de Desarrollo Regional y Administrativo (Subdere), particip\u00f3 el Jefe de Divisi\u00f3n de Desarrollo Regional, Felipe Petit-Laurent.<br><br>La jornada fue inaugurada con palabras de los gobernadores Jorge Flies (Magallanes) y Alejandro Santana (Los Lagos), quienes expusieron los principales desaf\u00edos de conectividad de sus respectivos territorios. El gobernador Marcelo Santana (Ays\u00e9n) particip\u00f3 a trav\u00e9s de un video, dado que ese d\u00eda recib\u00eda al Presidente Jos\u00e9 Antonio Kast en su regi\u00f3n. En su representaci\u00f3n estuvo presente el Jefe de Divisi\u00f3n de Planificaci\u00f3n de Ays\u00e9n, Omar Mu\u00f1oz.<br><\/p>\n\n\n\n<p>En el \u00e1mbito acad\u00e9mico y t\u00e9cnico, el encuentro cont\u00f3 con la presentaci\u00f3n del acad\u00e9mico \u00c1lvaro Pe\u00f1a de la Universidad Cat\u00f3lica de Valpara\u00edso, quien expuso el Plan de Desarrollo Log\u00edstico de Magallanes y la Ant\u00e1rtica Chilena. A continuaci\u00f3n, el ex Director de Vialidad de Ays\u00e9n, Rolando Toloza, present\u00f3 un an\u00e1lisis de la conectividad de la macrozona sur del pa\u00eds.<br><br>Por su parte, el Jefe de la Divisi\u00f3n de Desarrollo Regional de SUBDERE, Felipe Petit-Laurent, valor\u00f3 la instancia y se\u00f1al\u00f3: \u00abDesde SUBDERE valoramos este tipo de iniciativas que nacen desde los propios territorios. La conectividad de la macrozona austral es un desaf\u00edo pa\u00eds y es tarea del Estado acompa\u00f1ar a las regiones en la b\u00fasqueda de soluciones concretas\u00bb.<br><\/p>\n\n\n\n<p>La jornada cerr\u00f3 con la exposici\u00f3n de Miguel Palma, gerente de la Empresa Portuaria Austral, quien abord\u00f3 el rol de los puertos australes como ejes del cabotaje para la integraci\u00f3n nacional.<br><\/p>\n\n\n\n<p>En el encuentro tambi\u00e9n participaron las alcaldesas de R\u00edo Verde y Torres del Paine, el alcalde de Punta Arenas, seremis de la regi\u00f3n y acad\u00e9micos de diversas instituciones.<\/p>\n","protected":false},"excerpt":{"rendered":"<p>En el marco de los desaf\u00edos de conectividad que enfrenta la macrozona austral del pa\u00eds, se desarroll\u00f3 en Puerto Natales el encuentro denominado \u00abChile por Chile\u00bb, instancia convocada por los&#8230; <a class=\"read-more\" href=\"https:\/\/www.radiopresidenteibanez.cl\/web\/subdere-participa-en-encuentro-chile-por-chile-donde-gobernadores-del-sur-impulsan-conectividad-bimodal-para-la-macrozona-austral\/\">Leer m\u00e1s<\/a><\/p>\n","protected":false},"author":2,"featured_media":64536,"comment_status":"closed","ping_status":"closed","sticky":false,"template":"","format":"standard","meta":{"footnotes":""},"categories":[1],"tags":[],"class_list":["post-64535","post","type-post","status-publish","format-standard","has-post-thumbnail","hentry","category-cronica"],"_links":{"self":[{"href":"https:\/\/www.radiopresidenteibanez.cl\/web\/wp-json\/wp\/v2\/posts\/64535","targetHints":{"allow":["GET"]}}],"collection":[{"href":"https:\/\/www.radiopresidenteibanez.cl\/web\/wp-json\/wp\/v2\/posts"}],"about":[{"href":"https:\/\/www.radiopresidenteibanez.cl\/web\/wp-json\/wp\/v2\/types\/post"}],"author":[{"embeddable":true,"href":"https:\/\/www.radiopresidenteibanez.cl\/web\/wp-json\/wp\/v2\/users\/2"}],"replies":[{"embeddable":true,"href":"https:\/\/www.radiopresidenteibanez.cl\/web\/wp-json\/wp\/v2\/comments?post=64535"}],"version-history":[{"count":1,"href":"https:\/\/www.radiopresidenteibanez.cl\/web\/wp-json\/wp\/v2\/posts\/64535\/revisions"}],"predecessor-version":[{"id":64537,"href":"https:\/\/www.radiopresidenteibanez.cl\/web\/wp-json\/wp\/v2\/posts\/64535\/revisions\/64537"}],"wp:featuredmedia":[{"embeddable":true,"href":"https:\/\/www.radiopresidenteibanez.cl\/web\/wp-json\/wp\/v2\/media\/64536"}],"wp:attachment":[{"href":"https:\/\/www.radiopresidenteibanez.cl\/web\/wp-json\/wp\/v2\/media?parent=64535"}],"wp:term":[{"taxonomy":"category","embeddable":true,"href":"https:\/\/www.radiopresidenteibanez.cl\/web\/wp-json\/wp\/v2\/categories?post=64535"},{"taxonomy":"post_tag","embeddable":true,"href":"https:\/\/www.radiopresidenteibanez.cl\/web\/wp-json\/wp\/v2\/tags?post=64535"}],"curies":[{"name":"wp","href":"https:\/\/api.w.org\/{rel}","templated":true}]}}