{"id":64528,"date":"2026-04-30T14:53:00","date_gmt":"2026-04-30T17:53:00","guid":{"rendered":"https:\/\/www.radiopresidenteibanez.cl\/web\/?p=64528"},"modified":"2026-04-30T11:34:35","modified_gmt":"2026-04-30T14:34:35","slug":"diputada-morales-conmemora-el-dia-del-trabajador-y-trabajadora-destacando-avances-laborales-como-la-ley-de-40-horas","status":"publish","type":"post","link":"https:\/\/www.radiopresidenteibanez.cl\/web\/diputada-morales-conmemora-el-dia-del-trabajador-y-trabajadora-destacando-avances-laborales-como-la-ley-de-40-horas\/","title":{"rendered":"Diputada Morales conmemora el D\u00eda del Trabajador y Trabajadora destacando avances laborales como la Ley de 40 Horas"},"content":{"rendered":"\n<p>La parlamentaria Javiera Morales resalt\u00f3 que este 26 de abril entr\u00f3 en vigencia la segunda<br>fase de la Ley N\u00ba21.561, reduciendo la jornada laboral de 44 a 42 horas semanales sin<br>rebaja de remuneraciones ni necesidad de anexos contractuales, marcando un nuevo paso<br>en el camino hacia las 40 horas definitivas, previstas para el 26 de abril de 2028.<br>\u201cEsta ley no es simb\u00f3lica: es una conquista real del mundo del trabajo, que reconoce que la<br>vida no puede girar solo en torno a producir. Reducir la jornada significa m\u00e1s tiempo para la<br>familia, para la salud y para vivir con dignidad\u201d, afirm\u00f3 la diputada Morales.<br>La legisladora tambi\u00e9n recalc\u00f3 que la Direcci\u00f3n del Trabajo ha sido clara respecto de que la<br>reducci\u00f3n debe implementarse mediante acuerdo entre empleador y trabajador y, en caso<br>de no existir, ajustando el inicio o t\u00e9rmino de la jornada sin afectar el tiempo de colaci\u00f3n, el<br>cual no puede utilizarse para compensar la rebaja horaria.<br>Sin embargo, expres\u00f3 preocupaci\u00f3n por las revisiones que actualmente impulsa el Gobierno<br>respecto de los criterios de implementaci\u00f3n, especialmente en materias como banda<br>horaria, exclusiones del art\u00edculo 22 y colaci\u00f3n. \u201cLo que no podemos permitir es que, por<br>reinterpretaciones administrativas, se termine vaciando de contenido una reforma que fue<br>pensada para mejorar la calidad de vida de las y los trabajadores\u201d, advirti\u00f3.<br>Tambi\u00e9n se refiri\u00f3 al reciente dictamen de Contralor\u00eda que obliga a funcionarios de servicios<br>p\u00fablicos descentralizados a tomar la colaci\u00f3n fuera de la jornada laboral, lo que en la<br>pr\u00e1ctica extender\u00eda el tiempo semanal a 44,5 horas. Esta medida ha sido ampliamente<br>cuestionada por sindicatos y expertos, ya que tensiona el esp\u00edritu de la ley. \u201cEs inaceptable<br>que en el sector p\u00fablico se est\u00e9 forzando una interpretaci\u00f3n que termina aumentando la<br>jornada real. Eso contradice el objetivo de la ley y representa un retroceso que no vamos a<br>permitir\u201d, sostuvo.<br>En su declaraci\u00f3n, la parlamentaria Javiera Morales tambi\u00e9n destac\u00f3 otras conquistas<br>laborales recientes como el aumento sostenido del salario m\u00ednimo y la reforma de<br>pensiones aprobada en el \u00faltimo per\u00edodo legislativo, durante el Gobierno del Presidente<br>Gabriel Boric. \u201cCuando hablamos de salario m\u00ednimo y de reforma previsional, hablamos de<br>justicia. Son avances que demuestran que el Estado s\u00ed puede ponerse del lado de quienes<br>sostienen el pa\u00eds con su trabajo\u201d, se\u00f1al\u00f3.<br>Finalmente, la diputada hizo un llamado a defender los avances logrados y a garantizar que<br>la implementaci\u00f3n de la Ley de 40 Horas se realice con pleno respeto a su sentido original.<br>\u201cEste D\u00eda del Trabajador y la Trabajadora debe ser una oportunidad para valorar lo<br>conseguido, pero tambi\u00e9n para estar alertas. Los derechos laborales no se celebran solo<br>con discursos: se protegen con decisiones concretas y con voluntad pol\u00edtica\u201d, concluy\u00f3.<\/p>\n","protected":false},"excerpt":{"rendered":"<p>La parlamentaria Javiera Morales resalt\u00f3 que este 26 de abril entr\u00f3 en vigencia la segundafase de la Ley N\u00ba21.561, reduciendo la jornada laboral de 44 a 42 horas semanales sinrebaja&#8230; <a class=\"read-more\" href=\"https:\/\/www.radiopresidenteibanez.cl\/web\/diputada-morales-conmemora-el-dia-del-trabajador-y-trabajadora-destacando-avances-laborales-como-la-ley-de-40-horas\/\">Leer m\u00e1s<\/a><\/p>\n","protected":false},"author":2,"featured_media":64531,"comment_status":"closed","ping_status":"closed","sticky":false,"template":"","format":"standard","meta":{"footnotes":""},"categories":[1],"tags":[],"class_list":["post-64528","post","type-post","status-publish","format-standard","has-post-thumbnail","hentry","category-cronica"],"_links":{"self":[{"href":"https:\/\/www.radiopresidenteibanez.cl\/web\/wp-json\/wp\/v2\/posts\/64528","targetHints":{"allow":["GET"]}}],"collection":[{"href":"https:\/\/www.radiopresidenteibanez.cl\/web\/wp-json\/wp\/v2\/posts"}],"about":[{"href":"https:\/\/www.radiopresidenteibanez.cl\/web\/wp-json\/wp\/v2\/types\/post"}],"author":[{"embeddable":true,"href":"https:\/\/www.radiopresidenteibanez.cl\/web\/wp-json\/wp\/v2\/users\/2"}],"replies":[{"embeddable":true,"href":"https:\/\/www.radiopresidenteibanez.cl\/web\/wp-json\/wp\/v2\/comments?post=64528"}],"version-history":[{"count":1,"href":"https:\/\/www.radiopresidenteibanez.cl\/web\/wp-json\/wp\/v2\/posts\/64528\/revisions"}],"predecessor-version":[{"id":64532,"href":"https:\/\/www.radiopresidenteibanez.cl\/web\/wp-json\/wp\/v2\/posts\/64528\/revisions\/64532"}],"wp:featuredmedia":[{"embeddable":true,"href":"https:\/\/www.radiopresidenteibanez.cl\/web\/wp-json\/wp\/v2\/media\/64531"}],"wp:attachment":[{"href":"https:\/\/www.radiopresidenteibanez.cl\/web\/wp-json\/wp\/v2\/media?parent=64528"}],"wp:term":[{"taxonomy":"category","embeddable":true,"href":"https:\/\/www.radiopresidenteibanez.cl\/web\/wp-json\/wp\/v2\/categories?post=64528"},{"taxonomy":"post_tag","embeddable":true,"href":"https:\/\/www.radiopresidenteibanez.cl\/web\/wp-json\/wp\/v2\/tags?post=64528"}],"curies":[{"name":"wp","href":"https:\/\/api.w.org\/{rel}","templated":true}]}}