{"id":64525,"date":"2026-04-30T12:56:00","date_gmt":"2026-04-30T15:56:00","guid":{"rendered":"https:\/\/www.radiopresidenteibanez.cl\/web\/?p=64525"},"modified":"2026-04-30T11:16:19","modified_gmt":"2026-04-30T14:16:19","slug":"seremi-de-justicia-resalta-labor-de-intervencion-que-brinda-centro-de-cumplimiento-juvenil","status":"publish","type":"post","link":"https:\/\/www.radiopresidenteibanez.cl\/web\/seremi-de-justicia-resalta-labor-de-intervencion-que-brinda-centro-de-cumplimiento-juvenil\/","title":{"rendered":"Seremi de Justicia resalta labor de intervenci\u00f3n que brinda Centro de Cumplimiento Juvenil"},"content":{"rendered":"\n<p>En un primer acercamiento a sus dependencias ubicadas en R\u00edo de los Ciervos, el Seremi de Justicia y DD.HH., Crist\u00f3bal Fern\u00e1ndez Jofr\u00e9, recorri\u00f3 el Centro de Cumplimiento Juvenil,<br>dependiente del Servicio de Reinserci\u00f3n Social Juvenil de Magallanes, pudiendo<br>conocer en terreno el trabajo que se realiza con los j\u00f3venes infractores de ley,<br>compartiendo con ellos y el equipo regional que labora all\u00ed.<br>La autoridad sectorial fue acompa\u00f1ada por el Director Regional del Servicio de<br>Reinserci\u00f3n Social Juvenil, C\u00e9sar Montiel, y el Director Regional (S) de<br>Gendarmer\u00eda, teniente coronel Edgardo P\u00e9rez, destacando el poder verificar in situ<br>las distintas modalidades de cumplimiento de sanciones junto a los modelos y<br>procesos de intervenci\u00f3n psicosocial, en el marco de la Ley de Responsabilidad<br>Penal Adolescente.<br>Tras constatar las condiciones en que se desarrollan distintas labores de<br>intervenci\u00f3n en beneficio de adolescentes y j\u00f3venes, el Seremi Fern\u00e1ndez resalt\u00f3<br>el poder incorporar en su primer mes de gesti\u00f3n una visi\u00f3n directa sobre el<br>funcionamiento del recinto. Al respecto, valor\u00f3 el grado de compromiso de sus<br>equipos t\u00e9cnicos y profesionales, sin olvidar el importante papel que ejerce all\u00ed la<br>dotaci\u00f3n de Gendarmer\u00eda. \u201cSe trata de un acompa\u00f1amiento integral, el cual se<br>abre espacios constantemente gracias a un esfuerzo mancomunado para<br>fortalecer habilidades adaptativas y trabajar la responsabilizaci\u00f3n. Esto incluye<br>actividades lectivas, capacitaci\u00f3n y formaci\u00f3n para el mundo laboral y diversos<br>apoyos, que les permitan favorecer su integraci\u00f3n a la sociedad y alcanzar la<br>anhelada reinserci\u00f3n social\u201d.<br>C\u00e9sar Montiel, Director Regional del Servicio de Reinserci\u00f3n Social Juvenil, valor\u00f3<br>el apoyo de la nueva autoridad de Justicia, tanto con el trabajo que se realiza en<br>el Centro de Cumplimiento Juvenil como en las acciones que llevan a cabo con su<br>organismo acreditado en el medio libre. Todo ello \u201cpermitir\u00e1 avanzar en la<\/p>\n\n\n\n<p>reinserci\u00f3n de j\u00f3venes, que se convierte en un eje clave para la seguridad p\u00fablica.<br>Este trabajo colaborativo nos permitir\u00e1 tambi\u00e9n avanzar conjuntamente en la<br>mejora de las condiciones de infraestructura de este centro y potenciar la oferta<br>program\u00e1tica de actividades para los adolescentes, trabajo que cuenta hoy con el<br>compromiso de los equipos profesionales y especializados que d\u00eda a d\u00eda impulsan<br>procesos de cambio\u201d.<br>En la actualidad, el Centro de Internaci\u00f3n Provisoria (IP) de R\u00edo de los Ciervos<br>alberga a cuatro j\u00f3venes, en tanto en el Centro de Internaci\u00f3n en R\u00e9gimen<br>Cerrado (IRC) atienden hoy a tres usuarios, y la misma cifra se mantiene en<br>Libertad Asistida Especial con Internaci\u00f3n Parcial (LAE \u2013 IP).<\/p>\n","protected":false},"excerpt":{"rendered":"<p>En un primer acercamiento a sus dependencias ubicadas en R\u00edo de los Ciervos, el Seremi de Justicia y DD.HH., Crist\u00f3bal Fern\u00e1ndez Jofr\u00e9, recorri\u00f3 el Centro de Cumplimiento Juvenil,dependiente del Servicio&#8230; <a class=\"read-more\" href=\"https:\/\/www.radiopresidenteibanez.cl\/web\/seremi-de-justicia-resalta-labor-de-intervencion-que-brinda-centro-de-cumplimiento-juvenil\/\">Leer m\u00e1s<\/a><\/p>\n","protected":false},"author":2,"featured_media":64526,"comment_status":"closed","ping_status":"closed","sticky":false,"template":"","format":"standard","meta":{"footnotes":""},"categories":[1],"tags":[],"class_list":["post-64525","post","type-post","status-publish","format-standard","has-post-thumbnail","hentry","category-cronica"],"_links":{"self":[{"href":"https:\/\/www.radiopresidenteibanez.cl\/web\/wp-json\/wp\/v2\/posts\/64525","targetHints":{"allow":["GET"]}}],"collection":[{"href":"https:\/\/www.radiopresidenteibanez.cl\/web\/wp-json\/wp\/v2\/posts"}],"about":[{"href":"https:\/\/www.radiopresidenteibanez.cl\/web\/wp-json\/wp\/v2\/types\/post"}],"author":[{"embeddable":true,"href":"https:\/\/www.radiopresidenteibanez.cl\/web\/wp-json\/wp\/v2\/users\/2"}],"replies":[{"embeddable":true,"href":"https:\/\/www.radiopresidenteibanez.cl\/web\/wp-json\/wp\/v2\/comments?post=64525"}],"version-history":[{"count":1,"href":"https:\/\/www.radiopresidenteibanez.cl\/web\/wp-json\/wp\/v2\/posts\/64525\/revisions"}],"predecessor-version":[{"id":64527,"href":"https:\/\/www.radiopresidenteibanez.cl\/web\/wp-json\/wp\/v2\/posts\/64525\/revisions\/64527"}],"wp:featuredmedia":[{"embeddable":true,"href":"https:\/\/www.radiopresidenteibanez.cl\/web\/wp-json\/wp\/v2\/media\/64526"}],"wp:attachment":[{"href":"https:\/\/www.radiopresidenteibanez.cl\/web\/wp-json\/wp\/v2\/media?parent=64525"}],"wp:term":[{"taxonomy":"category","embeddable":true,"href":"https:\/\/www.radiopresidenteibanez.cl\/web\/wp-json\/wp\/v2\/categories?post=64525"},{"taxonomy":"post_tag","embeddable":true,"href":"https:\/\/www.radiopresidenteibanez.cl\/web\/wp-json\/wp\/v2\/tags?post=64525"}],"curies":[{"name":"wp","href":"https:\/\/api.w.org\/{rel}","templated":true}]}}