{"id":64521,"date":"2026-04-30T11:19:00","date_gmt":"2026-04-30T14:19:00","guid":{"rendered":"https:\/\/www.radiopresidenteibanez.cl\/web\/?p=64521"},"modified":"2026-04-30T10:07:22","modified_gmt":"2026-04-30T13:07:22","slug":"pulso-sindical-38","status":"publish","type":"post","link":"https:\/\/www.radiopresidenteibanez.cl\/web\/pulso-sindical-38\/","title":{"rendered":"Pulso Sindical"},"content":{"rendered":"\n<p>\u00a0&#8216;..rojo el bosque de banderas en la marcha rumbo al sur son los obreros en armas partisanos del amor..\u00bb ******* A consecuencia de un Congreso industrial celebrado en Chicago en junio de 1850, se organizaron en muchas ciudades agrupaciones de oficio para obtener la jornada de diez horas por medio de la huelga. La Liga de las ocho horas que se organiz\u00f3 en Boston el a\u00f1o 1869, adopt\u00f3 decididamente el programa socialista, y en Filadelfia se organiza en el mismo a\u00f1o los Caballeros del Trabajo. Finalmente, en el a\u00f1o 1880 qued\u00f3 organizada la Federaci\u00f3n de los trabajadores de los Estados Unidos y Canad\u00e1, y en octubre die 1884 se resolvi\u00f3, en una reuni\u00f3n celebrada en Chicago, \u201dque se declarase el primero de mayo de 1886 la huelga general por las ocho horas\u201d. Fue el 28 de noviembre de 1919 que se adopt\u00f3 el Convenio 1 de la OIT, que establece un l\u00edmite diario de 8 horas de trabajo por d\u00eda y 48 horas por semana, convenio que entr\u00f3 en vigor en 1921 y que solo est\u00e1 ratificado por 46 de los 187 estados miembros de la OIT. En Chile la jornada es de 40 horas semanales, pero en muchas empresas aun no se trabajan 8 horas por dia, pudiendo a veces llegar hasta las 12 horas, si se trabajan horas extras. Por lo mismo la lucha sigue, 8 horas diarias continuas, por 5 dias de la semana. ******* Nuestra fuerza la Unidad Nuestra meta la Victoria<\/p>\n","protected":false},"excerpt":{"rendered":"<p>\u00a0&#8216;..rojo el bosque de banderas en la marcha rumbo al sur son los obreros en armas partisanos del amor..\u00bb ******* A consecuencia de un Congreso industrial celebrado en Chicago en&#8230; <a class=\"read-more\" href=\"https:\/\/www.radiopresidenteibanez.cl\/web\/pulso-sindical-38\/\">Leer m\u00e1s<\/a><\/p>\n","protected":false},"author":2,"featured_media":63021,"comment_status":"closed","ping_status":"closed","sticky":false,"template":"","format":"standard","meta":{"footnotes":""},"categories":[1],"tags":[],"class_list":["post-64521","post","type-post","status-publish","format-standard","has-post-thumbnail","hentry","category-cronica"],"_links":{"self":[{"href":"https:\/\/www.radiopresidenteibanez.cl\/web\/wp-json\/wp\/v2\/posts\/64521","targetHints":{"allow":["GET"]}}],"collection":[{"href":"https:\/\/www.radiopresidenteibanez.cl\/web\/wp-json\/wp\/v2\/posts"}],"about":[{"href":"https:\/\/www.radiopresidenteibanez.cl\/web\/wp-json\/wp\/v2\/types\/post"}],"author":[{"embeddable":true,"href":"https:\/\/www.radiopresidenteibanez.cl\/web\/wp-json\/wp\/v2\/users\/2"}],"replies":[{"embeddable":true,"href":"https:\/\/www.radiopresidenteibanez.cl\/web\/wp-json\/wp\/v2\/comments?post=64521"}],"version-history":[{"count":1,"href":"https:\/\/www.radiopresidenteibanez.cl\/web\/wp-json\/wp\/v2\/posts\/64521\/revisions"}],"predecessor-version":[{"id":64522,"href":"https:\/\/www.radiopresidenteibanez.cl\/web\/wp-json\/wp\/v2\/posts\/64521\/revisions\/64522"}],"wp:featuredmedia":[{"embeddable":true,"href":"https:\/\/www.radiopresidenteibanez.cl\/web\/wp-json\/wp\/v2\/media\/63021"}],"wp:attachment":[{"href":"https:\/\/www.radiopresidenteibanez.cl\/web\/wp-json\/wp\/v2\/media?parent=64521"}],"wp:term":[{"taxonomy":"category","embeddable":true,"href":"https:\/\/www.radiopresidenteibanez.cl\/web\/wp-json\/wp\/v2\/categories?post=64521"},{"taxonomy":"post_tag","embeddable":true,"href":"https:\/\/www.radiopresidenteibanez.cl\/web\/wp-json\/wp\/v2\/tags?post=64521"}],"curies":[{"name":"wp","href":"https:\/\/api.w.org\/{rel}","templated":true}]}}