{"id":6452,"date":"2019-08-18T14:04:09","date_gmt":"2019-08-18T14:04:09","guid":{"rendered":"http:\/\/www.radiopresidenteibanez.cl\/web\/?p=6452"},"modified":"2019-08-18T14:04:16","modified_gmt":"2019-08-18T14:04:16","slug":"minvu-hace-realidad-el-sueno-de-120-familias-de-punta-arenas-al-entregarles-sus-viviendas-definitivas","status":"publish","type":"post","link":"https:\/\/www.radiopresidenteibanez.cl\/web\/minvu-hace-realidad-el-sueno-de-120-familias-de-punta-arenas-al-entregarles-sus-viviendas-definitivas\/","title":{"rendered":"MINVU HACE REALIDAD EL SUE\u00d1O DE 120 FAMILIAS DE PUNTA ARENAS AL ENTREGARLES SUS VIVIENDAS DEFINITIVAS"},"content":{"rendered":"\n<p>Con los ni\u00f1os como\nprotagonistas cortando la cinta de lo que es a partir de hoy su nuevo hogar,\nlas 120 familias de la agrupaci\u00f3n \u201cBrisas del Sur II\u201d llegaron hasta el sector\nsur de Punta Arenas para recibir las llaves de sus departamentos por parte del\nintendente regional, Jos\u00e9 Fern\u00e1ndez; la diputada Sandra Amar; el seremi de\nVivienda y Urbanismo, Jos\u00e9 Miguel Horcos; el director regional del Serviu,\nDubalio P\u00e9rez y otras autoridades regionales que llegaron hasta el simb\u00f3lico\nacto.<\/p>\n\n\n\n<p>En su discurso, el\nseremi de Vivienda y Urbanismo, Jos\u00e9 Miguel Horcos, hizo hincapi\u00e9 en la Ley de\nIntegraci\u00f3n Social y Urbana recientemente aprobada por la C\u00e1mara de Diputados y\ntambi\u00e9n recalc\u00f3 que \u201cha sido tema de debate que esta nueva legislaci\u00f3n va a\ndejar fuera las postulaciones colectivas como estas, sin embargo quiero dejar\nclaro que el ministro de la cartera, Cristi\u00e1n Monckeberg, anunci\u00f3 que el Fondo\nSolidario de Elecci\u00f3n de Vivienda (DS 49) tendr\u00e1 importantes mejoras\u201d.<\/p>\n\n\n\n<p>Por su parte, el\nIntendente de la Regi\u00f3n de Magallanes y de la Ant\u00e1rtica Chilena, Jos\u00e9\nFern\u00e1ndez, se\u00f1al\u00f3 que \u201choy vamos cumpliendo los compromisos que tom\u00f3 el\nPresidente Pi\u00f1era en la regi\u00f3n, de entregar m\u00e1s de 4 mil viviendas al t\u00e9rmino\nde su mandato\u201d. Igualmente, la primera autoridad regional inst\u00f3 a los nuevos\npropietarios a que \u201ccuiden sus viviendas yque son departamentos con un alto\nest\u00e1ndar de construcci\u00f3n\u201d.<\/p>\n\n\n\n<p>En cuanto al\ncondominio, este se compone de 6 edificios de 20 departamentos cada uno, con\nsistema de aislaci\u00f3n t\u00e9rmica exterior y \u00e1reas comunes cerradas. Considera departamentos\nde 60 mt2 de una superficie, con 3 dormitorios y 1 ba\u00f1o completo m\u00e1s un piso de\ncer\u00e1mica, sala de estar comedor, cocina con piso de cer\u00e1mica y logia con\ncaldera dual de calefont y calefacci\u00f3n central, lavadero y conexi\u00f3n para\nlavadora.<\/p>\n\n\n\n<p>El condominio posee \u00e1reas verdes con equipamiento e iluminaci\u00f3n, estacionamientos, cierre perimetral en reja met\u00e1lica y calle interior pavimentada. Para los nuevos propietarios, este momento lo estuvieron esperando desde que recibieron sus subsidios en agosto del a\u00f1o pasado \u201cy hoy vemos como este sue\u00f1o se hace realidad. Ya tenemos la distribuci\u00f3n hecha como familia y desde hoy comenzaremos con los trabajos, para poder cambiarnos cuanto antes a nuestro departamento\u201d, cont\u00f3 unas de las beneficiarias en esta entrega. <\/p>\n","protected":false},"excerpt":{"rendered":"<p>Con los ni\u00f1os como protagonistas cortando la cinta de lo que es a partir de hoy su nuevo hogar, las 120 familias de la agrupaci\u00f3n \u201cBrisas del Sur II\u201d llegaron&#8230; <a class=\"read-more\" href=\"https:\/\/www.radiopresidenteibanez.cl\/web\/minvu-hace-realidad-el-sueno-de-120-familias-de-punta-arenas-al-entregarles-sus-viviendas-definitivas\/\">Leer m\u00e1s<\/a><\/p>\n","protected":false},"author":2,"featured_media":6453,"comment_status":"closed","ping_status":"closed","sticky":false,"template":"","format":"standard","meta":{"footnotes":""},"categories":[1],"tags":[],"class_list":["post-6452","post","type-post","status-publish","format-standard","has-post-thumbnail","hentry","category-cronica"],"_links":{"self":[{"href":"https:\/\/www.radiopresidenteibanez.cl\/web\/wp-json\/wp\/v2\/posts\/6452","targetHints":{"allow":["GET"]}}],"collection":[{"href":"https:\/\/www.radiopresidenteibanez.cl\/web\/wp-json\/wp\/v2\/posts"}],"about":[{"href":"https:\/\/www.radiopresidenteibanez.cl\/web\/wp-json\/wp\/v2\/types\/post"}],"author":[{"embeddable":true,"href":"https:\/\/www.radiopresidenteibanez.cl\/web\/wp-json\/wp\/v2\/users\/2"}],"replies":[{"embeddable":true,"href":"https:\/\/www.radiopresidenteibanez.cl\/web\/wp-json\/wp\/v2\/comments?post=6452"}],"version-history":[{"count":0,"href":"https:\/\/www.radiopresidenteibanez.cl\/web\/wp-json\/wp\/v2\/posts\/6452\/revisions"}],"wp:featuredmedia":[{"embeddable":true,"href":"https:\/\/www.radiopresidenteibanez.cl\/web\/wp-json\/wp\/v2\/media\/6453"}],"wp:attachment":[{"href":"https:\/\/www.radiopresidenteibanez.cl\/web\/wp-json\/wp\/v2\/media?parent=6452"}],"wp:term":[{"taxonomy":"category","embeddable":true,"href":"https:\/\/www.radiopresidenteibanez.cl\/web\/wp-json\/wp\/v2\/categories?post=6452"},{"taxonomy":"post_tag","embeddable":true,"href":"https:\/\/www.radiopresidenteibanez.cl\/web\/wp-json\/wp\/v2\/tags?post=6452"}],"curies":[{"name":"wp","href":"https:\/\/api.w.org\/{rel}","templated":true}]}}