{"id":64518,"date":"2026-04-30T09:57:21","date_gmt":"2026-04-30T12:57:21","guid":{"rendered":"https:\/\/www.radiopresidenteibanez.cl\/web\/?p=64518"},"modified":"2026-04-30T09:57:22","modified_gmt":"2026-04-30T12:57:22","slug":"historico-tenista-de-mesa-magallanico-salvador-valle-escala-al-top-15-mundial-sub-23","status":"publish","type":"post","link":"https:\/\/www.radiopresidenteibanez.cl\/web\/historico-tenista-de-mesa-magallanico-salvador-valle-escala-al-top-15-mundial-sub-23\/","title":{"rendered":"HIST\u00d3RICO: TENISTA DE MESA MAGALL\u00c1NICO SALVADOR VALLE ESCALA AL TOP 15 MUNDIAL SUB-23"},"content":{"rendered":"\n<p>\u00a0El deporte regional y nacional celebra un hito sin precedentes. Salvador Valle Mena, el joven seleccionado nacional de para-tenis de mesa oriundo de Punta Arenas, ha alcanzado la posici\u00f3n #13 del mundo en la categor\u00eda Sub-23, seg\u00fan la \u00faltima actualizaci\u00f3n del ranking de la Federaci\u00f3n Internacional de Tenis de Mesa (ITTF).<br>Con tan solo 17 a\u00f1os, Salvador no solo se consolida en la \u00e9lite juvenil, sino que ha protagonizado un ascenso mete\u00f3rico en el ranking mundial adulto clase 10, escalando 10 posiciones en una sola semana para situarse en el puesto #47 a nivel global. Este logro lo posiciona como el tercer mejor exponente de Chile en su categor\u00eda, superando a atletas de potencias mundiales y consolidando su carrera en la alta competencia internacional.<br>Liderazgo estudiantil y formaci\u00f3n regional<br>M\u00e1s all\u00e1 de sus \u00e9xitos en la mesa, Salvador destaca por su formaci\u00f3n integral. Es estudiante regular del Liceo San Jos\u00e9 de Punta Arenas, donde adem\u00e1s ejerce un rol activo en la comunidad escolar como vicepresidente del Centro de Alumnos.<br>Su preparaci\u00f3n deportiva se realiza \u00edntegramente en la capital de la Regi\u00f3n de Magallanes, formando parte del programa Promesas Chile y representando a su club, Speed Ball. Bajo la direcci\u00f3n t\u00e9cnica de Jos\u00e9 Luis Maldonado, Salvador ha desarrollado un nivel competitivo que hoy le permite desafiar a los mejores del mundo sin abandonar su entorno local ni sus responsabilidades acad\u00e9micas.<br>Un ejemplo de resiliencia desde el sur de Chile<br>Diagnosticado desde temprana edad con el S\u00edndrome de Perthes, el joven atleta ha transformado cada desaf\u00edo de salud en un motor de superaci\u00f3n. Estar entre los 15 mejores del mundo Sub-23 con solo 17 a\u00f1os es un resultado hist\u00f3rico que proyecta su carrera hacia los m\u00e1ximos podios internacionales, representando con orgullo la identidad magall\u00e1nica y el prestigio del deporte chileno.<br>Este ascenso en el escalaf\u00f3n mundial marca un punto de inflexi\u00f3n en su trayectoria, reafirmando su posici\u00f3n como una de las figuras m\u00e1s s\u00f3lidas y prometedoras del para-tenis de mesa actual.<\/p>\n","protected":false},"excerpt":{"rendered":"<p>\u00a0El deporte regional y nacional celebra un hito sin precedentes. Salvador Valle Mena, el joven seleccionado nacional de para-tenis de mesa oriundo de Punta Arenas, ha alcanzado la posici\u00f3n #13&#8230; <a class=\"read-more\" href=\"https:\/\/www.radiopresidenteibanez.cl\/web\/historico-tenista-de-mesa-magallanico-salvador-valle-escala-al-top-15-mundial-sub-23\/\">Leer m\u00e1s<\/a><\/p>\n","protected":false},"author":2,"featured_media":64519,"comment_status":"closed","ping_status":"closed","sticky":false,"template":"","format":"standard","meta":{"footnotes":""},"categories":[1],"tags":[],"class_list":["post-64518","post","type-post","status-publish","format-standard","has-post-thumbnail","hentry","category-cronica"],"_links":{"self":[{"href":"https:\/\/www.radiopresidenteibanez.cl\/web\/wp-json\/wp\/v2\/posts\/64518","targetHints":{"allow":["GET"]}}],"collection":[{"href":"https:\/\/www.radiopresidenteibanez.cl\/web\/wp-json\/wp\/v2\/posts"}],"about":[{"href":"https:\/\/www.radiopresidenteibanez.cl\/web\/wp-json\/wp\/v2\/types\/post"}],"author":[{"embeddable":true,"href":"https:\/\/www.radiopresidenteibanez.cl\/web\/wp-json\/wp\/v2\/users\/2"}],"replies":[{"embeddable":true,"href":"https:\/\/www.radiopresidenteibanez.cl\/web\/wp-json\/wp\/v2\/comments?post=64518"}],"version-history":[{"count":1,"href":"https:\/\/www.radiopresidenteibanez.cl\/web\/wp-json\/wp\/v2\/posts\/64518\/revisions"}],"predecessor-version":[{"id":64520,"href":"https:\/\/www.radiopresidenteibanez.cl\/web\/wp-json\/wp\/v2\/posts\/64518\/revisions\/64520"}],"wp:featuredmedia":[{"embeddable":true,"href":"https:\/\/www.radiopresidenteibanez.cl\/web\/wp-json\/wp\/v2\/media\/64519"}],"wp:attachment":[{"href":"https:\/\/www.radiopresidenteibanez.cl\/web\/wp-json\/wp\/v2\/media?parent=64518"}],"wp:term":[{"taxonomy":"category","embeddable":true,"href":"https:\/\/www.radiopresidenteibanez.cl\/web\/wp-json\/wp\/v2\/categories?post=64518"},{"taxonomy":"post_tag","embeddable":true,"href":"https:\/\/www.radiopresidenteibanez.cl\/web\/wp-json\/wp\/v2\/tags?post=64518"}],"curies":[{"name":"wp","href":"https:\/\/api.w.org\/{rel}","templated":true}]}}