{"id":64515,"date":"2026-04-30T10:49:00","date_gmt":"2026-04-30T13:49:00","guid":{"rendered":"https:\/\/www.radiopresidenteibanez.cl\/web\/?p=64515"},"modified":"2026-04-30T09:29:44","modified_gmt":"2026-04-30T12:29:44","slug":"parvulos-del-jardin-infantil-girasol-promovieron-el-cuidado-del-medio-ambiente","status":"publish","type":"post","link":"https:\/\/www.radiopresidenteibanez.cl\/web\/parvulos-del-jardin-infantil-girasol-promovieron-el-cuidado-del-medio-ambiente\/","title":{"rendered":"P\u00e1rvulos del Jard\u00edn Infantil Girasol promovieron el cuidado del medio ambiente"},"content":{"rendered":"\n<p>En el contexto de la conmemoraci\u00f3n del D\u00eda de la Tierra, el Jard\u00edn Infantil y Sala Cuna<br>Girasol, dependiente del Servicio de Salud Magallanes, realiz\u00f3 una significativa visita a los<br>funcionarios\/as de la Direcci\u00f3n de Servicio, instancia en que ni\u00f1os y ni\u00f1as, junto a sus<br>educadoras, compartieron un mensaje centrado en la importancia del cuidado del medio<br>ambiente.<br>La actividad tuvo como principal objetivo relevar la necesidad de generar conciencia desde<br>la primera infancia en torno a la protecci\u00f3n del entorno, promoviendo valores<br>fundamentales como el respeto por la naturaleza, la sostenibilidad y el compromiso con el<br>planeta.<br>La visita permiti\u00f3 a los peque\u00f1os, hacer entrega de un presente simb\u00f3lico a las distintas<br>subdirecciones, gesto que busc\u00f3 invitar a la reflexi\u00f3n respecto del rol que cada persona<br>desempe\u00f1a en la construcci\u00f3n de un futuro m\u00e1s responsable y respetuoso con el medio<br>ambiente, a la vez de poner en pr\u00e1ctica el mensaje. En este contexto, se llev\u00f3 a cabo la<br>plantaci\u00f3n de semillas de suculentas, como una acci\u00f3n concreta que simboliza el<br>compromiso con el cuidado del entorno, fortaleciendo el aprendizaje significativo de los<br>ni\u00f1os\/as desde la primera infancia y promoviendo una conciencia ambiental con impacto<br>en la comunidad.<br>Al respecto, Montserrat Hern\u00e1ndez, referente de Cuidados Infantiles del Servicio de Salud,<br>destac\u00f3 la relevancia de este tipo de iniciativas, se\u00f1alando que no solo fortalecen los<br>v\u00ednculos institucionales, sino que tambi\u00e9n posicionan a los ni\u00f1os y ni\u00f1as como agentes de<br>cambio, recordando que el cuidado de la Tierra es una tarea compartida y urgente.<br>Consignar que la actividad, se enmarca dentro de las acciones de educaci\u00f3n y<br>sensibilizaci\u00f3n ambiental impulsadas por el Jard\u00edn Infantil Girasol, tendiente a reforzar el<br>compromiso de su comunidad educativa y sociedad en general para avanzar hacia una<br>sociedad m\u00e1s consciente y responsable en el tema medio ambiental, en beneficio de las<br>actuales y futuras generaciones.<\/p>\n","protected":false},"excerpt":{"rendered":"<p>En el contexto de la conmemoraci\u00f3n del D\u00eda de la Tierra, el Jard\u00edn Infantil y Sala CunaGirasol, dependiente del Servicio de Salud Magallanes, realiz\u00f3 una significativa visita a losfuncionarios\/as de&#8230; <a class=\"read-more\" href=\"https:\/\/www.radiopresidenteibanez.cl\/web\/parvulos-del-jardin-infantil-girasol-promovieron-el-cuidado-del-medio-ambiente\/\">Leer m\u00e1s<\/a><\/p>\n","protected":false},"author":2,"featured_media":64516,"comment_status":"closed","ping_status":"closed","sticky":false,"template":"","format":"standard","meta":{"footnotes":""},"categories":[1],"tags":[],"class_list":["post-64515","post","type-post","status-publish","format-standard","has-post-thumbnail","hentry","category-cronica"],"_links":{"self":[{"href":"https:\/\/www.radiopresidenteibanez.cl\/web\/wp-json\/wp\/v2\/posts\/64515","targetHints":{"allow":["GET"]}}],"collection":[{"href":"https:\/\/www.radiopresidenteibanez.cl\/web\/wp-json\/wp\/v2\/posts"}],"about":[{"href":"https:\/\/www.radiopresidenteibanez.cl\/web\/wp-json\/wp\/v2\/types\/post"}],"author":[{"embeddable":true,"href":"https:\/\/www.radiopresidenteibanez.cl\/web\/wp-json\/wp\/v2\/users\/2"}],"replies":[{"embeddable":true,"href":"https:\/\/www.radiopresidenteibanez.cl\/web\/wp-json\/wp\/v2\/comments?post=64515"}],"version-history":[{"count":1,"href":"https:\/\/www.radiopresidenteibanez.cl\/web\/wp-json\/wp\/v2\/posts\/64515\/revisions"}],"predecessor-version":[{"id":64517,"href":"https:\/\/www.radiopresidenteibanez.cl\/web\/wp-json\/wp\/v2\/posts\/64515\/revisions\/64517"}],"wp:featuredmedia":[{"embeddable":true,"href":"https:\/\/www.radiopresidenteibanez.cl\/web\/wp-json\/wp\/v2\/media\/64516"}],"wp:attachment":[{"href":"https:\/\/www.radiopresidenteibanez.cl\/web\/wp-json\/wp\/v2\/media?parent=64515"}],"wp:term":[{"taxonomy":"category","embeddable":true,"href":"https:\/\/www.radiopresidenteibanez.cl\/web\/wp-json\/wp\/v2\/categories?post=64515"},{"taxonomy":"post_tag","embeddable":true,"href":"https:\/\/www.radiopresidenteibanez.cl\/web\/wp-json\/wp\/v2\/tags?post=64515"}],"curies":[{"name":"wp","href":"https:\/\/api.w.org\/{rel}","templated":true}]}}