{"id":64510,"date":"2026-04-30T09:39:00","date_gmt":"2026-04-30T12:39:00","guid":{"rendered":"https:\/\/www.radiopresidenteibanez.cl\/web\/?p=64510"},"modified":"2026-04-30T09:06:39","modified_gmt":"2026-04-30T12:06:39","slug":"tasa-de-desocupacion-alcanzo-el-66-durante-el-trimestre-movil-de-enero-a-marzo-de-2026","status":"publish","type":"post","link":"https:\/\/www.radiopresidenteibanez.cl\/web\/tasa-de-desocupacion-alcanzo-el-66-durante-el-trimestre-movil-de-enero-a-marzo-de-2026\/","title":{"rendered":"Tasa de desocupaci\u00f3n alcanz\u00f3 el 6,6% durante el trimestre m\u00f3vil de enero a marzo de 2026"},"content":{"rendered":"\n<p>Este mi\u00e9rcoles 29 de abril, el Instituto Nacional de Estad\u00edsticas (INE) emiti\u00f3 un nuevo<br>bolet\u00edn del empleo, correspondiente al trimestre m\u00f3vil de enero \u2013 marzo de 2026,<br>se\u00f1alando una tasa de desocupaci\u00f3n de un 6,6% para la regi\u00f3n y de un 8,9% a nivel<br>nacional.<br>Seg\u00fan el reporte, esta alza se debe a un aumento de un 2,2% de la fuerza de trabajo,<br>mayor al incremento de las personas ocupadas, que fue de un 0,3% durante este per\u00edodo.<br>A su vez, el informe se\u00f1ala que las personas desocupadas aumentaron en un 39,8%<br>respecto al a\u00f1o anterior.<br>En palabras del seremi del Trabajo de Magallanes, Jos\u00e9 Miguel Salas, \u201csi bien la regi\u00f3n<br>contin\u00faa mostrando un desempleo bastante por debajo de la media a nivel pa\u00eds, eso no<br>significa que podamos relajarnos. Nos preocupa el incremento que sufri\u00f3 la tasa de<br>desocupaci\u00f3n regional que fue de 1,8 puntos porcentuales en los \u00faltimos doce meses,<br>seg\u00fan lo publicado por el Ine\u201d.<br>\u201cUn punto que nos preocupa, especialmente, es que, si bien ha habido crecimiento de<br>personas ocupadas, este crecimiento se est\u00e1 dando en espacios de informalidad, lo que<br>muchas veces implica menor protecci\u00f3n social, menor estabilidad y precariedad laboral.<br>Algo en lo que, sin duda, tenemos que trabajar\u201d, agreg\u00f3 la autoridad.<br>En ese \u00e1mbito, de acuerdo con los antecedentes revisados en el informe de empleo y en<br>conjunto con las y los profesionales del Observatorio Laboral de Magallanes, con quienes<br>el Seremi se reuni\u00f3 para hacer este an\u00e1lisis, la tasa de ocupaci\u00f3n informal en la zona lleg\u00f3<br>a 21,7%, aumentando 1,4 puntos porcentuales respecto al trimestre anterior, lo que<br>constituye una se\u00f1al relevante para el seguimiento de los pr\u00f3ximos meses en esta<br>materia.<\/p>\n\n\n\n<p>GOBIERNO DE CHILE<\/p>\n\n\n\n<p>Asimismo, se abord\u00f3 la situaci\u00f3n del empleo femenino, donde la tasa de desocupaci\u00f3n de<br>las mujeres alcanz\u00f3 un 8,6%, cifra superior a la de los varones, quienes registraron un<br>4,9%, evidenciando brechas visibles en el acceso al trabajo.<br>\u201cEsto pone de manifiesto que el desaf\u00edo no es s\u00f3lo la creaci\u00f3n de empleos, sino la<br>generaci\u00f3n de empleos de calidad, con seguridad social, derechos y mejores<br>oportunidades de desarrollo. Desde el Gobierno del Presidente Jos\u00e9 Antonio Kast y junto<br>al ministro Tom\u00e1s Rau, impulsaremos medidas orientadas a aquello, a fin de fortalecer el<br>mercado regional, con especial foco en mujeres, j\u00f3venes y sectores productivos<br>estrat\u00e9gicos, avanzando en empleos formales y estables\u201d, a\u00f1adi\u00f3 Salas.<br>Finalmente, la autoridad inform\u00f3 que el pr\u00f3ximo jueves 7 de mayo se conocer\u00e1 una nueva<br>edici\u00f3n del Term\u00f3metro Laboral, instrumento elaborado por el Observatorio Laboral de<br>Magallanes, que permitir\u00e1 seguir monitoreando la evoluci\u00f3n del empleo en la regi\u00f3n y<br>adoptar decisiones oportunas basadas en la evidencia.<\/p>\n","protected":false},"excerpt":{"rendered":"<p>Este mi\u00e9rcoles 29 de abril, el Instituto Nacional de Estad\u00edsticas (INE) emiti\u00f3 un nuevobolet\u00edn del empleo, correspondiente al trimestre m\u00f3vil de enero \u2013 marzo de 2026,se\u00f1alando una tasa de desocupaci\u00f3n&#8230; <a class=\"read-more\" href=\"https:\/\/www.radiopresidenteibanez.cl\/web\/tasa-de-desocupacion-alcanzo-el-66-durante-el-trimestre-movil-de-enero-a-marzo-de-2026\/\">Leer m\u00e1s<\/a><\/p>\n","protected":false},"author":2,"featured_media":64511,"comment_status":"closed","ping_status":"closed","sticky":false,"template":"","format":"standard","meta":{"footnotes":""},"categories":[1],"tags":[],"class_list":["post-64510","post","type-post","status-publish","format-standard","has-post-thumbnail","hentry","category-cronica"],"_links":{"self":[{"href":"https:\/\/www.radiopresidenteibanez.cl\/web\/wp-json\/wp\/v2\/posts\/64510","targetHints":{"allow":["GET"]}}],"collection":[{"href":"https:\/\/www.radiopresidenteibanez.cl\/web\/wp-json\/wp\/v2\/posts"}],"about":[{"href":"https:\/\/www.radiopresidenteibanez.cl\/web\/wp-json\/wp\/v2\/types\/post"}],"author":[{"embeddable":true,"href":"https:\/\/www.radiopresidenteibanez.cl\/web\/wp-json\/wp\/v2\/users\/2"}],"replies":[{"embeddable":true,"href":"https:\/\/www.radiopresidenteibanez.cl\/web\/wp-json\/wp\/v2\/comments?post=64510"}],"version-history":[{"count":1,"href":"https:\/\/www.radiopresidenteibanez.cl\/web\/wp-json\/wp\/v2\/posts\/64510\/revisions"}],"predecessor-version":[{"id":64512,"href":"https:\/\/www.radiopresidenteibanez.cl\/web\/wp-json\/wp\/v2\/posts\/64510\/revisions\/64512"}],"wp:featuredmedia":[{"embeddable":true,"href":"https:\/\/www.radiopresidenteibanez.cl\/web\/wp-json\/wp\/v2\/media\/64511"}],"wp:attachment":[{"href":"https:\/\/www.radiopresidenteibanez.cl\/web\/wp-json\/wp\/v2\/media?parent=64510"}],"wp:term":[{"taxonomy":"category","embeddable":true,"href":"https:\/\/www.radiopresidenteibanez.cl\/web\/wp-json\/wp\/v2\/categories?post=64510"},{"taxonomy":"post_tag","embeddable":true,"href":"https:\/\/www.radiopresidenteibanez.cl\/web\/wp-json\/wp\/v2\/tags?post=64510"}],"curies":[{"name":"wp","href":"https:\/\/api.w.org\/{rel}","templated":true}]}}