{"id":64507,"date":"2026-04-30T08:21:10","date_gmt":"2026-04-30T11:21:10","guid":{"rendered":"https:\/\/www.radiopresidenteibanez.cl\/web\/?p=64507"},"modified":"2026-04-30T08:21:12","modified_gmt":"2026-04-30T11:21:12","slug":"delegacion-presidencial-regional-fortalece-difusion-de-fondo-de-aguas-magallanes-con-dialogo-ciudadano-que-reunio-a-60-organizaciones","status":"publish","type":"post","link":"https:\/\/www.radiopresidenteibanez.cl\/web\/delegacion-presidencial-regional-fortalece-difusion-de-fondo-de-aguas-magallanes-con-dialogo-ciudadano-que-reunio-a-60-organizaciones\/","title":{"rendered":"Delegaci\u00f3n Presidencial Regional fortalece difusi\u00f3n de fondo de Aguas Magallanes con di\u00e1logo ciudadano que reuni\u00f3 a 60 organizaciones"},"content":{"rendered":"\n<p>En el marco del lanzamiento de la 15\u00aa versi\u00f3n del Fondo<br>Concursable de Desarrollo Comunitario de Aguas Magallanes, la Delegaci\u00f3n Presidencial<br>Regional, a trav\u00e9s de su programa \u201cGobierno en Terreno\u201d, apoy\u00f3 la difusi\u00f3n de esta iniciativa,<br>acercando la informaci\u00f3n a dirigentes\/as sociales de la regi\u00f3n.<br>Este trabajo se concret\u00f3 en un Di\u00e1logo Ciudadano que reuni\u00f3 a representantes de cerca de 60<br>organizaciones sociales, instancia en la que se entregaron detalles del proceso de postulaci\u00f3n, se<br>resolvieron dudas y se promovi\u00f3 el acceso a estos recursos, que este a\u00f1o contemplan una<br>inversi\u00f3n de $50 millones.<br>El Delegado Presidencial Regional (s), Carlos Olave Solar, valor\u00f3 la instancia, se\u00f1alando que<br>\u201ccomo Delegaci\u00f3n Presidencial Regional, a trav\u00e9s de su programa Gobierno en Terreno, estamos<br>comprometidos con acercar la informaci\u00f3n y las oportunidades a las organizaciones sociales de<br>Magallanes. Este Di\u00e1logo Ciudadano, en el que participaron cerca de 60 agrupaciones, es una<br>muestra concreta de c\u00f3mo articulamos esfuerzos para que m\u00e1s dirigentes y dirigentas conozcan y<br>puedan acceder a iniciativas tan relevantes como el fondo concursable de Aguas Magallanes.<br>Nuestro foco es que ning\u00fan proyecto se quede fuera por falta de informaci\u00f3n o acompa\u00f1amiento,<br>porque sabemos el impacto que estos recursos tienen en el desarrollo de los territorios y en la<br>calidad de vida de las comunidades\u201d.<br>Desde Aguas Magallanes, su gerente regional, Christian Adema Galetovic, destac\u00f3 la trayectoria<br>del programa y su crecimiento en el tiempo: \u201cSon 15 a\u00f1os ya de apoyo a la comunidad y a diversas<br>organizaciones. Partimos el a\u00f1o 2011 con cerca de 15 proyectos y hoy hemos llegado a 118<br>postulaciones el a\u00f1o pasado. Comenzamos con 6 millones de pesos y hoy, en esta versi\u00f3n n\u00famero<br>15, vamos a entregar 50 millones de pesos para desarrollar estas buenas ideas que presentan<br>nuestros vecinos y vecinas\u201d.<br>El ejecutivo explic\u00f3 que el proceso contempla cerca de un mes de postulaci\u00f3n y otro de evaluaci\u00f3n,<br>para luego ejecutar los proyectos durante el a\u00f1o, e hizo un llamado a participar: \u201cLa idea es que las<br>organizaciones sociales de la regi\u00f3n participen de este fondo y lo hagan suyo. Invitamos a<br>informarse a trav\u00e9s de nuestra p\u00e1gina web, donde adem\u00e1s contamos con un equipo que los<br>apoyar\u00e1 en todo el proceso\u201d.<br>Las organizaciones sociales valoraron tanto el fondo como los espacios de difusi\u00f3n impulsados en<br>conjunto con el Gobierno. Claudia Venegas, de la Junta de Vecinos Barrio Croata N\u00b026, se\u00f1al\u00f3 que<br>\u201ces maravilloso, porque los recursos que tenemos como juntas de vecinos son escasos, entonces<br>que una empresa como Aguas Magallanes nos est\u00e9 ayudando lo encuentro realmente magn\u00edfico\u201d.<br>En tanto, Humberto Azaldegui destac\u00f3 el impacto de la iniciativa y la convocatoria lograda: \u201cEs una<br>excelente oportunidad para los clubes y organizaciones sociales. Adem\u00e1s, este enlace que hace la<\/p>\n\n\n\n<p>Delegaci\u00f3n Presidencial permite que nos reunamos; se nota<br>que hay m\u00e1s inter\u00e9s, incluso el espacio se est\u00e1 haciendo<br>peque\u00f1o por la cantidad de personas que asistieron\u201d.<br>Por su parte, Julia Vel\u00e1squez, presidenta de Fibromialgia en Acci\u00f3n Magallanes, valor\u00f3 el aporte<br>en t\u00e9rminos de bienestar: \u201cEs totalmente favorable, porque nos permite acceder a implementos y<br>herramientas que nos ayudan a mantenernos activas. Para nosotros, m\u00e1s all\u00e1 de lo material,<br>significa mejorar nuestra calidad de vida y seguir funcionando como agrupaci\u00f3n\u201d.<br>El fondo concursable considera l\u00edneas como mejoramiento de espacios comunitarios, equipamiento<br>de organizaciones y proyectos medioambientales, incluyendo el uso responsable del recurso<br>h\u00eddrico. Las postulaciones estar\u00e1n abiertas hasta el 29 de mayo a trav\u00e9s del sitio web de Aguas<br>Magallanes.<\/p>\n","protected":false},"excerpt":{"rendered":"<p>En el marco del lanzamiento de la 15\u00aa versi\u00f3n del FondoConcursable de Desarrollo Comunitario de Aguas Magallanes, la Delegaci\u00f3n PresidencialRegional, a trav\u00e9s de su programa \u201cGobierno en Terreno\u201d, apoy\u00f3 la&#8230; <a class=\"read-more\" href=\"https:\/\/www.radiopresidenteibanez.cl\/web\/delegacion-presidencial-regional-fortalece-difusion-de-fondo-de-aguas-magallanes-con-dialogo-ciudadano-que-reunio-a-60-organizaciones\/\">Leer m\u00e1s<\/a><\/p>\n","protected":false},"author":2,"featured_media":64508,"comment_status":"closed","ping_status":"closed","sticky":false,"template":"","format":"standard","meta":{"footnotes":""},"categories":[1],"tags":[],"class_list":["post-64507","post","type-post","status-publish","format-standard","has-post-thumbnail","hentry","category-cronica"],"_links":{"self":[{"href":"https:\/\/www.radiopresidenteibanez.cl\/web\/wp-json\/wp\/v2\/posts\/64507","targetHints":{"allow":["GET"]}}],"collection":[{"href":"https:\/\/www.radiopresidenteibanez.cl\/web\/wp-json\/wp\/v2\/posts"}],"about":[{"href":"https:\/\/www.radiopresidenteibanez.cl\/web\/wp-json\/wp\/v2\/types\/post"}],"author":[{"embeddable":true,"href":"https:\/\/www.radiopresidenteibanez.cl\/web\/wp-json\/wp\/v2\/users\/2"}],"replies":[{"embeddable":true,"href":"https:\/\/www.radiopresidenteibanez.cl\/web\/wp-json\/wp\/v2\/comments?post=64507"}],"version-history":[{"count":1,"href":"https:\/\/www.radiopresidenteibanez.cl\/web\/wp-json\/wp\/v2\/posts\/64507\/revisions"}],"predecessor-version":[{"id":64509,"href":"https:\/\/www.radiopresidenteibanez.cl\/web\/wp-json\/wp\/v2\/posts\/64507\/revisions\/64509"}],"wp:featuredmedia":[{"embeddable":true,"href":"https:\/\/www.radiopresidenteibanez.cl\/web\/wp-json\/wp\/v2\/media\/64508"}],"wp:attachment":[{"href":"https:\/\/www.radiopresidenteibanez.cl\/web\/wp-json\/wp\/v2\/media?parent=64507"}],"wp:term":[{"taxonomy":"category","embeddable":true,"href":"https:\/\/www.radiopresidenteibanez.cl\/web\/wp-json\/wp\/v2\/categories?post=64507"},{"taxonomy":"post_tag","embeddable":true,"href":"https:\/\/www.radiopresidenteibanez.cl\/web\/wp-json\/wp\/v2\/tags?post=64507"}],"curies":[{"name":"wp","href":"https:\/\/api.w.org\/{rel}","templated":true}]}}