{"id":64502,"date":"2026-04-29T19:25:00","date_gmt":"2026-04-29T22:25:00","guid":{"rendered":"https:\/\/www.radiopresidenteibanez.cl\/web\/?p=64502"},"modified":"2026-04-29T13:27:30","modified_gmt":"2026-04-29T16:27:30","slug":"seremi-de-justicia-destaca-modernizacion-digital-del-conservador-de-bienes-raices-para-facilitar-tramites-a-la-ciudadania","status":"publish","type":"post","link":"https:\/\/www.radiopresidenteibanez.cl\/web\/seremi-de-justicia-destaca-modernizacion-digital-del-conservador-de-bienes-raices-para-facilitar-tramites-a-la-ciudadania\/","title":{"rendered":"Seremi de Justicia destaca modernizaci\u00f3n digital del Conservador de Bienes Ra\u00edces para facilitar tr\u00e1mites a la ciudadan\u00eda"},"content":{"rendered":"\n<p>En el marco de la agenda de modernizaci\u00f3n<br>del Estado, el Seremi de Justicia y DD.HH., Crist\u00f3bal Fern\u00e1ndez Jofr\u00e9, se reuni\u00f3<br>con el Conservador de Bienes Ra\u00edces de Punta Arenas, Igor Trincado Urra, para<br>conocer de primera mano los avances en la digitalizaci\u00f3n del servicio. La autoridad<br>de Justicia valor\u00f3 positivamente la implementaci\u00f3n del sitio<br>www.cbrmagallanes.cl, herramienta que permite a la ciudadan\u00eda gestionar sus<br>tr\u00e1mites de manera remota a partir de este mes.<br>Para el Seremi Fern\u00e1ndez, este hito representa un avance concreto en la<br>implementaci\u00f3n de la nueva Ley de Notarios y Conservadores (vigente desde el 2<br>de abril), cuyo objetivo es simplificar la relaci\u00f3n entre las instituciones y las<br>personas:<br>\u00abEstamos muy contentos de ver c\u00f3mo se materializan estos avances tecnol\u00f3gicos<br>en beneficio de la regi\u00f3n. Todos los impulsos que damos, ya sean tecnol\u00f3gicos o<br>legales, van en beneficio de facilitar el acceso a los servicios. A trav\u00e9s de<br>herramientas como \u00e9sta, se facilita tremendamente la vida a las personas,<br>ahorrando tiempo, y dinero, al evitar traslados presenciales. Ahora la tecnolog\u00eda<br>permite mayor comodidad para los magall\u00e1nicos\u00bb, se\u00f1al\u00f3 el Seremi.<br>Fomento a la Modernizaci\u00f3n del Estado<br>Durante el encuentro, el Seremi fue informado sobre el proceso de transformaci\u00f3n<br>que ha liderado el Conservador Igor Trincado para adaptarse a las nuevas<br>exigencias legales. Esto incluye no solo la plataforma digital \u2014donde el usuario<\/p>\n\n\n\n<p>puede solicitar, cotizar, pagar y recibir sus documentos v\u00eda correo electr\u00f3nico\u2014<br>sino tambi\u00e9n un robustecimiento de la capacidad operativa, aumentando la<br>dotaci\u00f3n de 12 a 27 funcionarios y mejorando la infraestructura f\u00edsica. Trincado<br>detall\u00f3 c\u00f3mo el sistema simplifica la experiencia del usuario, se\u00f1alando que las<br>personas \u201cpueden ahora ingresar su solicitud, se hace la cotizaci\u00f3n, se paga a<br>trav\u00e9s de la misma p\u00e1gina web y luego se hace el trabajo, y el resultado del<br>mismo llega a su propio correo electr\u00f3nico\u201d.<br>El Seremi Fern\u00e1ndez hizo hincapi\u00e9 en que estas mejoras son fundamentales para<br>que la reforma al sistema Notarial y Registral cumpla su objetivo de transparencia<br>y eficiencia. \u201cEl Sr. Conservador no s\u00f3lo ha hecho avances en dotaci\u00f3n e<br>infraestructura, sino que tambi\u00e9n un aporte arquitect\u00f3nico a la ciudad al recuperar<br>este hist\u00f3rico edificio, y que el sistema digital est\u00e9 hoy implement\u00e1ndose es una<br>excelente noticia para la comodidad de la gente\u201d, agreg\u00f3.<br>El nuevo marco legal<br>La autoridad regional record\u00f3 que la actual reforma busca modernizar el sistema<br>en sus aspectos org\u00e1nicos y funcionales, favoreciendo la competencia y la calidad<br>del servicio.<br>Si bien la supervigilancia funcional de estos auxiliares de la administraci\u00f3n de<br>justicia corresponde legalmente a la Fiscal\u00eda Judicial y las Cortes respectivas, el<br>Seremi subray\u00f3 el rol del Ejecutivo al promover que estos servicios operen con la<br>m\u00e1xima transparencia y eficiencia: \u00abBajo la conducci\u00f3n de nuestro Ministerio<br>seguiremos apoyando todos los avances que transparentan el rubro y fortalecen la<br>institucionalidad en beneficio de todos los usuarios\u00bb, concluy\u00f3 Fern\u00e1ndez Jofr\u00e9.<\/p>\n","protected":false},"excerpt":{"rendered":"<p>En el marco de la agenda de modernizaci\u00f3ndel Estado, el Seremi de Justicia y DD.HH., Crist\u00f3bal Fern\u00e1ndez Jofr\u00e9, se reuni\u00f3con el Conservador de Bienes Ra\u00edces de Punta Arenas, Igor Trincado&#8230; <a class=\"read-more\" href=\"https:\/\/www.radiopresidenteibanez.cl\/web\/seremi-de-justicia-destaca-modernizacion-digital-del-conservador-de-bienes-raices-para-facilitar-tramites-a-la-ciudadania\/\">Leer m\u00e1s<\/a><\/p>\n","protected":false},"author":2,"featured_media":64503,"comment_status":"closed","ping_status":"closed","sticky":false,"template":"","format":"standard","meta":{"footnotes":""},"categories":[1],"tags":[],"class_list":["post-64502","post","type-post","status-publish","format-standard","has-post-thumbnail","hentry","category-cronica"],"_links":{"self":[{"href":"https:\/\/www.radiopresidenteibanez.cl\/web\/wp-json\/wp\/v2\/posts\/64502","targetHints":{"allow":["GET"]}}],"collection":[{"href":"https:\/\/www.radiopresidenteibanez.cl\/web\/wp-json\/wp\/v2\/posts"}],"about":[{"href":"https:\/\/www.radiopresidenteibanez.cl\/web\/wp-json\/wp\/v2\/types\/post"}],"author":[{"embeddable":true,"href":"https:\/\/www.radiopresidenteibanez.cl\/web\/wp-json\/wp\/v2\/users\/2"}],"replies":[{"embeddable":true,"href":"https:\/\/www.radiopresidenteibanez.cl\/web\/wp-json\/wp\/v2\/comments?post=64502"}],"version-history":[{"count":1,"href":"https:\/\/www.radiopresidenteibanez.cl\/web\/wp-json\/wp\/v2\/posts\/64502\/revisions"}],"predecessor-version":[{"id":64504,"href":"https:\/\/www.radiopresidenteibanez.cl\/web\/wp-json\/wp\/v2\/posts\/64502\/revisions\/64504"}],"wp:featuredmedia":[{"embeddable":true,"href":"https:\/\/www.radiopresidenteibanez.cl\/web\/wp-json\/wp\/v2\/media\/64503"}],"wp:attachment":[{"href":"https:\/\/www.radiopresidenteibanez.cl\/web\/wp-json\/wp\/v2\/media?parent=64502"}],"wp:term":[{"taxonomy":"category","embeddable":true,"href":"https:\/\/www.radiopresidenteibanez.cl\/web\/wp-json\/wp\/v2\/categories?post=64502"},{"taxonomy":"post_tag","embeddable":true,"href":"https:\/\/www.radiopresidenteibanez.cl\/web\/wp-json\/wp\/v2\/tags?post=64502"}],"curies":[{"name":"wp","href":"https:\/\/api.w.org\/{rel}","templated":true}]}}