{"id":64496,"date":"2026-04-29T16:49:00","date_gmt":"2026-04-29T19:49:00","guid":{"rendered":"https:\/\/www.radiopresidenteibanez.cl\/web\/?p=64496"},"modified":"2026-04-29T12:43:08","modified_gmt":"2026-04-29T15:43:08","slug":"en-el-dia-mundial-de-la-brucelosis-bovina-autoridades-del-agro-destacan-la-condicion-de-magallanes-como-region-libre-de-la-enfermedad","status":"publish","type":"post","link":"https:\/\/www.radiopresidenteibanez.cl\/web\/en-el-dia-mundial-de-la-brucelosis-bovina-autoridades-del-agro-destacan-la-condicion-de-magallanes-como-region-libre-de-la-enfermedad\/","title":{"rendered":"En el D\u00eda Mundial de la Brucelosis Bovina autoridades del agro destacan la condici\u00f3n de Magallanes como regi\u00f3n libre de la enfermedad"},"content":{"rendered":"\n<p>En el marco del D\u00eda Mundial de la Brucelosis Bovina, que se conmemora cada 28 de abril para generar conciencia sobre esta enfermedad bacteriana infecciosa que afecta al ganado bovino y que puede transmitirse a las personas, el Servicio Agr\u00edcola y Ganadero de Magallanes destac\u00f3 el estatus de regi\u00f3n libre de brucelosis bovina que mantiene desde el a\u00f1o 2003.<br>Esta condici\u00f3n sanitaria fue alcanzada tras la implementaci\u00f3n de un programa de erradicaci\u00f3n, la ausencia de animales reactores en los sistemas de vigilancia y la conclusi\u00f3n de un estudio epidemiol\u00f3gico que respald\u00f3 oficialmente este estatus. Desde entonces, el SAG ha sostenido un trabajo permanente de vigilancia para resguardar este logro, en estrecha colaboraci\u00f3n con el sector productivo regional.<br>Al respecto, el seremi de Agricultura, Juan Ignacio Cavada Herrera, destac\u00f3 el valor del trabajo mancomunado, se\u00f1alando \u201cel estatus de libre de brucelosis bovina refleja el resultado de un trabajo p\u00fablico-privado sostenido en el tiempo, que ha permitido a Magallanes alcanzar y mantener altos est\u00e1ndares sanitarios. Esta condici\u00f3n fortalece la competitividad del sector ganadero regional y aporta a la confianza en nuestros sistemas productivos, tanto a nivel nacional como internacional\u201d.<br>A nivel regional, el SAG ejecuta anualmente un programa de vigilancia pecuaria que considera la toma de muestras en distintos predios, con especial foco en zonas lim\u00edtrofes y en establecimientos definidos seg\u00fan evaluaci\u00f3n de riesgo. A esto se suma el control en plantas faenadoras, donde se muestrean animales susceptibles para su an\u00e1lisis en el laboratorio regional.<br>En este sentido, Javier Gonz\u00e1lez Mart\u00ednez, encargado regional de protecci\u00f3n pecuaria de SAG, explic\u00f3 que \u201cla vigilancia que realizamos es integral, ya que no solo abarca los predios, sino tambi\u00e9n los mataderos y plantas faenadoras, donde cada animal susceptible es muestreado. El contar con un laboratorio regional nos permite obtener resultados de manera m\u00e1s r\u00e1pida, lo que fortalece nuestra capacidad de respuesta y control\u201d.<br>Actualmente, el laboratorio regional del SAG analiza m\u00e1s de 7.000 muestras al a\u00f1o, provenientes de distintas actividades de vigilancia, lo que constituye una herramienta clave para respaldar y mantener el estatus sanitario de la regi\u00f3n.<br>Por su parte, el director regional (s) de SAG Magallanes, Nicol\u00e1s Soto Volkart, enfatiz\u00f3 la relevancia de este hito sanitario para la regi\u00f3n indicando \u201cmantenernos libres de brucelosis bovina desde hace m\u00e1s de dos d\u00e9cadas es el resultado de un trabajo riguroso y sostenido, tanto del Servicio como de los productores y productoras. Esta condici\u00f3n no solo protege la producci\u00f3n pecuaria, sino tambi\u00e9n la salud de las personas, considerando que se trata de una zoonosis. Por ello, es fundamental seguir trabajando de manera conjunta, apoyando las acciones de vigilancia y dando aviso oportuno ante cualquier situaci\u00f3n sanitaria inusual que afecte al ganado. La mantenci\u00f3n de este estatus es una tarea compartida que beneficia a toda la regi\u00f3n\u201d.<\/p>\n\n\n\n<p>Cabe se\u00f1alar, que la brucelosis bovina es una enfermedad infectocontagiosa causada por la bacteria Brucella abortus, que afecta principalmente a hembras en edad reproductiva, provocando abortos y alteraciones reproductivas. En los machos, puede generar infertilidad. En humanos, puede causar una enfermedad grave si no es tratada, por lo que la prevenci\u00f3n, el manejo sanitario adecuado y el consumo de productos l\u00e1cteos pasteurizados son fundamentales.<\/p>\n\n\n\n<p>Para mayor informaci\u00f3n sobre esta u otras materias de atingencia SAG, ingrese la p\u00e1gina www.sag.cl, escr\u00edbanos al correo contacto.magallanes@sag.gob.cl o comun\u00edquese con la oficina provincial m\u00e1s cercana a su predio.<\/p>\n","protected":false},"excerpt":{"rendered":"<p>En el marco del D\u00eda Mundial de la Brucelosis Bovina, que se conmemora cada 28 de abril para generar conciencia sobre esta enfermedad bacteriana infecciosa que afecta al ganado bovino&#8230; <a class=\"read-more\" href=\"https:\/\/www.radiopresidenteibanez.cl\/web\/en-el-dia-mundial-de-la-brucelosis-bovina-autoridades-del-agro-destacan-la-condicion-de-magallanes-como-region-libre-de-la-enfermedad\/\">Leer m\u00e1s<\/a><\/p>\n","protected":false},"author":2,"featured_media":64497,"comment_status":"closed","ping_status":"closed","sticky":false,"template":"","format":"standard","meta":{"footnotes":""},"categories":[1],"tags":[],"class_list":["post-64496","post","type-post","status-publish","format-standard","has-post-thumbnail","hentry","category-cronica"],"_links":{"self":[{"href":"https:\/\/www.radiopresidenteibanez.cl\/web\/wp-json\/wp\/v2\/posts\/64496","targetHints":{"allow":["GET"]}}],"collection":[{"href":"https:\/\/www.radiopresidenteibanez.cl\/web\/wp-json\/wp\/v2\/posts"}],"about":[{"href":"https:\/\/www.radiopresidenteibanez.cl\/web\/wp-json\/wp\/v2\/types\/post"}],"author":[{"embeddable":true,"href":"https:\/\/www.radiopresidenteibanez.cl\/web\/wp-json\/wp\/v2\/users\/2"}],"replies":[{"embeddable":true,"href":"https:\/\/www.radiopresidenteibanez.cl\/web\/wp-json\/wp\/v2\/comments?post=64496"}],"version-history":[{"count":1,"href":"https:\/\/www.radiopresidenteibanez.cl\/web\/wp-json\/wp\/v2\/posts\/64496\/revisions"}],"predecessor-version":[{"id":64498,"href":"https:\/\/www.radiopresidenteibanez.cl\/web\/wp-json\/wp\/v2\/posts\/64496\/revisions\/64498"}],"wp:featuredmedia":[{"embeddable":true,"href":"https:\/\/www.radiopresidenteibanez.cl\/web\/wp-json\/wp\/v2\/media\/64497"}],"wp:attachment":[{"href":"https:\/\/www.radiopresidenteibanez.cl\/web\/wp-json\/wp\/v2\/media?parent=64496"}],"wp:term":[{"taxonomy":"category","embeddable":true,"href":"https:\/\/www.radiopresidenteibanez.cl\/web\/wp-json\/wp\/v2\/categories?post=64496"},{"taxonomy":"post_tag","embeddable":true,"href":"https:\/\/www.radiopresidenteibanez.cl\/web\/wp-json\/wp\/v2\/tags?post=64496"}],"curies":[{"name":"wp","href":"https:\/\/api.w.org\/{rel}","templated":true}]}}