{"id":64493,"date":"2026-04-29T15:17:00","date_gmt":"2026-04-29T18:17:00","guid":{"rendered":"https:\/\/www.radiopresidenteibanez.cl\/web\/?p=64493"},"modified":"2026-04-29T12:27:58","modified_gmt":"2026-04-29T15:27:58","slug":"tras-visita-a-laboratorios-de-inach-seremi-carlos-olave-destaca-la-importancia-de-invertir-en-equipamiento-para-fortalecer-la-ciencia-antartica","status":"publish","type":"post","link":"https:\/\/www.radiopresidenteibanez.cl\/web\/tras-visita-a-laboratorios-de-inach-seremi-carlos-olave-destaca-la-importancia-de-invertir-en-equipamiento-para-fortalecer-la-ciencia-antartica\/","title":{"rendered":"Tras visita a laboratorios de INACH seremi Carlos Olave destaca la importancia de invertir en equipamiento para fortalecer la ciencia ant\u00e1rtica"},"content":{"rendered":"\n<p>Conocer a profundidad el trabajo que realizan las instituciones generadoras de conocimiento de la regi\u00f3n ha sido unas las principales tareas del seremi de Ciencia, Carlos Olave, quien inici\u00f3 su recorrido visitando el edificio de laboratorios ant\u00e1rticos \u00abEmbajador Jorge Bergu\u00f1o Barnes\u00bb del Instituto Ant\u00e1rtico Chileno (INACH), que desde su inauguraci\u00f3n en 2011 se ha convertido en un pilar para la ciencia ant\u00e1rtica.<\/p>\n\n\n\n<p>\u201cDestaco la labor de los laboratorios, que se han consolidado como un referente nacional desde su origen, impulsado la investigaci\u00f3n de estudiantes, acad\u00e9micos e investigadores, y fomentando activamente la cooperaci\u00f3n cient\u00edfica a nivel nacional e internacional, lo que ha permitido la generaci\u00f3n de publicaciones de alto impacto, la formaci\u00f3n de capital humano avanzado y la transferencia de conocimiento, elementos claves para seguir posicionando a la regi\u00f3n como polo de desarrollo cient\u00edfico y tecnol\u00f3gico en materia ant\u00e1rtica\u201d, manifest\u00f3 la autoridad regional.<\/p>\n\n\n\n<p>Tras su visita, Olave tambi\u00e9n relev\u00f3 el financiamiento que ha entregado el MinCiencia, a trav\u00e9s de la ANID, para seguir potenciando el trabajo de quienes pasan por este espacio de trabajo, \u201ca la fecha el instituto se ha adjudicado m\u00e1s de $2 mil millones en concursos FONDEQUIP, que le ha permitido adquirir equipamiento cient\u00edfico de \u00faltima generaci\u00f3n para fortalecer el monitoreo ambiental y oceanogr\u00e1fico, la paleontolog\u00eda y la biodiversidad ant\u00e1rtica\u201d.<\/p>\n\n\n\n<p>Durante el recorrido, la autoridad estuvo acompa\u00f1ada por el jefe de la secci\u00f3n de Plataformas Cient\u00edficas, Alejandro Font, quien coment\u00f3 que \u201cla importancia de esta visita es poder mostrar la infraestructura que tenemos en Punta Arenas, que es el punto de inicio para el Programa de Ciencia Ant\u00e1rtica Nacional, prestando un apoyo log\u00edstico cient\u00edfico tanto para nuestro programa como para los otros que tambi\u00e9n operan en la pen\u00ednsula Ant\u00e1rtica\u201d.<\/p>\n\n\n\n<p>Agreg\u00f3 que las instalaciones, que han sido fortalecidas gracias al financiamiento del ministerio, habilita la preparaci\u00f3n o el tr\u00e1nsito de los proyectos, tanto hacia ant\u00e1rtica o desde all\u00ed hacia su destino final, prestando un soporte importante dado que \u201cla log\u00edstica ant\u00e1rtica es de alta complejidad, por tanto, tener un sitio donde poder prepararse o trabajar muestras mientras se desarrolla la log\u00edstica es de suma relevancia\u201d.<\/p>\n\n\n\n<p>El edificio de laboratorios cuenta con infraestructura especializada que incluye c\u00e1maras experimentales y acuarios de recirculaci\u00f3n operativos bajo condiciones ant\u00e1rtica, lo que da soporte a las \u00e1reas de investigaci\u00f3n que desarrolla el INACH, centradas en el estudio del ecosistema ant\u00e1rtico, la resiliencia y adaptaci\u00f3n de sus organismos. Adem\u00e1s, tiene una l\u00ednea de huellas ant\u00e1rticas, que busca comprender el impacto de la actividad humana en la Ant\u00e1rtica, tanto en el lugar como fuera de \u00e9ste.<\/p>\n","protected":false},"excerpt":{"rendered":"<p>Conocer a profundidad el trabajo que realizan las instituciones generadoras de conocimiento de la regi\u00f3n ha sido unas las principales tareas del seremi de Ciencia, Carlos Olave, quien inici\u00f3 su&#8230; <a class=\"read-more\" href=\"https:\/\/www.radiopresidenteibanez.cl\/web\/tras-visita-a-laboratorios-de-inach-seremi-carlos-olave-destaca-la-importancia-de-invertir-en-equipamiento-para-fortalecer-la-ciencia-antartica\/\">Leer m\u00e1s<\/a><\/p>\n","protected":false},"author":2,"featured_media":64494,"comment_status":"closed","ping_status":"closed","sticky":false,"template":"","format":"standard","meta":{"footnotes":""},"categories":[1],"tags":[],"class_list":["post-64493","post","type-post","status-publish","format-standard","has-post-thumbnail","hentry","category-cronica"],"_links":{"self":[{"href":"https:\/\/www.radiopresidenteibanez.cl\/web\/wp-json\/wp\/v2\/posts\/64493","targetHints":{"allow":["GET"]}}],"collection":[{"href":"https:\/\/www.radiopresidenteibanez.cl\/web\/wp-json\/wp\/v2\/posts"}],"about":[{"href":"https:\/\/www.radiopresidenteibanez.cl\/web\/wp-json\/wp\/v2\/types\/post"}],"author":[{"embeddable":true,"href":"https:\/\/www.radiopresidenteibanez.cl\/web\/wp-json\/wp\/v2\/users\/2"}],"replies":[{"embeddable":true,"href":"https:\/\/www.radiopresidenteibanez.cl\/web\/wp-json\/wp\/v2\/comments?post=64493"}],"version-history":[{"count":1,"href":"https:\/\/www.radiopresidenteibanez.cl\/web\/wp-json\/wp\/v2\/posts\/64493\/revisions"}],"predecessor-version":[{"id":64495,"href":"https:\/\/www.radiopresidenteibanez.cl\/web\/wp-json\/wp\/v2\/posts\/64493\/revisions\/64495"}],"wp:featuredmedia":[{"embeddable":true,"href":"https:\/\/www.radiopresidenteibanez.cl\/web\/wp-json\/wp\/v2\/media\/64494"}],"wp:attachment":[{"href":"https:\/\/www.radiopresidenteibanez.cl\/web\/wp-json\/wp\/v2\/media?parent=64493"}],"wp:term":[{"taxonomy":"category","embeddable":true,"href":"https:\/\/www.radiopresidenteibanez.cl\/web\/wp-json\/wp\/v2\/categories?post=64493"},{"taxonomy":"post_tag","embeddable":true,"href":"https:\/\/www.radiopresidenteibanez.cl\/web\/wp-json\/wp\/v2\/tags?post=64493"}],"curies":[{"name":"wp","href":"https:\/\/api.w.org\/{rel}","templated":true}]}}