{"id":64490,"date":"2026-04-29T13:19:00","date_gmt":"2026-04-29T16:19:00","guid":{"rendered":"https:\/\/www.radiopresidenteibanez.cl\/web\/?p=64490"},"modified":"2026-04-29T12:22:44","modified_gmt":"2026-04-29T15:22:44","slug":"aseguran-continuidad-de-acceso-a-gimnasios-escolares-por-parte-de-la-comunidad","status":"publish","type":"post","link":"https:\/\/www.radiopresidenteibanez.cl\/web\/aseguran-continuidad-de-acceso-a-gimnasios-escolares-por-parte-de-la-comunidad\/","title":{"rendered":"Aseguran continuidad de acceso a gimnasios escolares por parte de la comunidad"},"content":{"rendered":"\n<p>Los gimnasios de las escuelas y liceos del Servicio Local de Educaci\u00f3n P\u00fablica<br>Magallanes estar\u00e1n, como ha ocurrido siempre, a disposici\u00f3n de la comunidad<br>para actividades deportivas o de inter\u00e9s comunitario en horarios que no afecten el<br>servicio educativo.<br>Para acceder al uso de estos espacios las organizaciones interesadas deber\u00e1n<br>gestionarlos directamente con la direcci\u00f3n de cada escuela o liceo, pactando para<br>ello una contraprestaci\u00f3n a favor del establecimiento educacional.<br>El director ejecutivo subrogante del SLEP Magallanes, Jorge Vald\u00e9s Or\u00f3stica,<br>explic\u00f3 que \u201cesta contraprestaci\u00f3n no puede ser en dinero, sino m\u00e1s bien en<br>especies que muchas veces los establecimientos educacionales solicitan, o<br>tambi\u00e9n en algunos arreglos al recinto. Se eval\u00faa en un valor simb\u00f3lico del uso de<br>un espacio f\u00edsico por hora que se traduce en una contraprestaci\u00f3n de igual valor\u201d.<br>Este procedimiento, que debut\u00f3 el a\u00f1o pasado, ha permitido a las escuelas y<br>liceos captar donaciones, por ejemplo, en materiales deportivos o pedag\u00f3gicos, o<br>acceder a reparaciones o mejoras de infraestructura.<br>El Secretario Regional Ministerial de Educaci\u00f3n, Ra\u00fal Alvarado, calific\u00f3 el anuncio<br>como una gran noticia para los deportistas de la regi\u00f3n y destac\u00f3 que el SLEP<br>Magallanes \u201chizo las gestiones correspondientes ante las diversas instituciones<br>para poder asegurar que la decisi\u00f3n que se tomara sea la correcta, que est\u00e9<br>avalada por toda la normativa jur\u00eddica y legal\u201d.<br>Agreg\u00f3 que la cesi\u00f3n de los gimnasios para el uso de la comunidad es una acci\u00f3n<br>social que est\u00e1 prestando el Servicio Local de Educaci\u00f3n P\u00fablica por lo que pidi\u00f3 a<br>los usuarios que respeten las normas relacionadas y cuiden los recintos.<br>Por su parte, el Secretario Regional Ministerial del Deporte, Jacques Roux,<br>destac\u00f3 el alto inter\u00e9s de las organizaciones deportivas por acceder a los<br>gimnasios escolares.<br>\u201cPr\u00e1cticamente en todas las audiencias que he tenido, que han sido hartas, con<br>clubes y deportistas, me hicieron menci\u00f3n de la importancia hist\u00f3ricamente en<br>nuestra regi\u00f3n de los gimnasios de las escuelas. Entonces, es una muy buena<br>noticia que estaban esperando muchos clubes\u201d, indic\u00f3 la autoridad.<\/p>\n\n\n\n<p>Procedimiento<br>Para usar los gimnasios, los interesados deber\u00e1n hacer una solicitud directamente<br>a la direcci\u00f3n del establecimiento educacional por correo electr\u00f3nico. Una vez<br>acordado el horario de uso de la instalaci\u00f3n se realizar\u00e1 un convenio de<br>colaboraci\u00f3n y uso del inmueble que especificar\u00e1 las donaciones o<br>contraprestaciones que consistir\u00e1n en aportes de bienes fungibles y\/o<br>consumibles, servicios u obras que sean de utilidad para la escuela o liceo.<br>En ning\u00fan caso se podr\u00e1 recibir dinero en efectivo, pago o transferencia, por el<br>uso del gimnasio o las instalaciones, ni emitir comprobante por la recepci\u00f3n de<\/p>\n\n\n\n<p>dinero. Adem\u00e1s, cada establecimiento deber\u00e1 llevar un registro de los recursos<br>que reciba por concepto de donaciones o contraprestaciones relacionados con el<br>uso de sus espacios.<\/p>\n","protected":false},"excerpt":{"rendered":"<p>Los gimnasios de las escuelas y liceos del Servicio Local de Educaci\u00f3n P\u00fablicaMagallanes estar\u00e1n, como ha ocurrido siempre, a disposici\u00f3n de la comunidadpara actividades deportivas o de inter\u00e9s comunitario en&#8230; <a class=\"read-more\" href=\"https:\/\/www.radiopresidenteibanez.cl\/web\/aseguran-continuidad-de-acceso-a-gimnasios-escolares-por-parte-de-la-comunidad\/\">Leer m\u00e1s<\/a><\/p>\n","protected":false},"author":2,"featured_media":64491,"comment_status":"closed","ping_status":"closed","sticky":false,"template":"","format":"standard","meta":{"footnotes":""},"categories":[1],"tags":[],"class_list":["post-64490","post","type-post","status-publish","format-standard","has-post-thumbnail","hentry","category-cronica"],"_links":{"self":[{"href":"https:\/\/www.radiopresidenteibanez.cl\/web\/wp-json\/wp\/v2\/posts\/64490","targetHints":{"allow":["GET"]}}],"collection":[{"href":"https:\/\/www.radiopresidenteibanez.cl\/web\/wp-json\/wp\/v2\/posts"}],"about":[{"href":"https:\/\/www.radiopresidenteibanez.cl\/web\/wp-json\/wp\/v2\/types\/post"}],"author":[{"embeddable":true,"href":"https:\/\/www.radiopresidenteibanez.cl\/web\/wp-json\/wp\/v2\/users\/2"}],"replies":[{"embeddable":true,"href":"https:\/\/www.radiopresidenteibanez.cl\/web\/wp-json\/wp\/v2\/comments?post=64490"}],"version-history":[{"count":1,"href":"https:\/\/www.radiopresidenteibanez.cl\/web\/wp-json\/wp\/v2\/posts\/64490\/revisions"}],"predecessor-version":[{"id":64492,"href":"https:\/\/www.radiopresidenteibanez.cl\/web\/wp-json\/wp\/v2\/posts\/64490\/revisions\/64492"}],"wp:featuredmedia":[{"embeddable":true,"href":"https:\/\/www.radiopresidenteibanez.cl\/web\/wp-json\/wp\/v2\/media\/64491"}],"wp:attachment":[{"href":"https:\/\/www.radiopresidenteibanez.cl\/web\/wp-json\/wp\/v2\/media?parent=64490"}],"wp:term":[{"taxonomy":"category","embeddable":true,"href":"https:\/\/www.radiopresidenteibanez.cl\/web\/wp-json\/wp\/v2\/categories?post=64490"},{"taxonomy":"post_tag","embeddable":true,"href":"https:\/\/www.radiopresidenteibanez.cl\/web\/wp-json\/wp\/v2\/tags?post=64490"}],"curies":[{"name":"wp","href":"https:\/\/api.w.org\/{rel}","templated":true}]}}