{"id":6449,"date":"2019-08-18T13:56:31","date_gmt":"2019-08-18T13:56:31","guid":{"rendered":"http:\/\/www.radiopresidenteibanez.cl\/web\/?p=6449"},"modified":"2019-08-18T13:56:36","modified_gmt":"2019-08-18T13:56:36","slug":"comunidad-de-laguna-blanca-inicio-junto-al-minvu-y-municipio-el-diseno-participativo-de-centro-costumbrista","status":"publish","type":"post","link":"https:\/\/www.radiopresidenteibanez.cl\/web\/comunidad-de-laguna-blanca-inicio-junto-al-minvu-y-municipio-el-diseno-participativo-de-centro-costumbrista\/","title":{"rendered":"COMUNIDAD DE LAGUNA BLANCA INICI\u00d3 JUNTO AL MINVU Y MUNICIPIO EL DISE\u00d1O PARTICIPATIVO DE CENTRO COSTUMBRISTA"},"content":{"rendered":"\n<p>Con tres jornadas de participaci\u00f3n y consulta ciudadana se inici\u00f3 el dise\u00f1o del proyecto denominado \u201cMejoramiento Integral del Centro Costumbrista de Laguna Blanca\u201d, en la localidad de Villa Tehuelches.<\/p>\n\n\n\n<p>El director regional del Serviu, Dubalio P\u00e9rez Ruiz, destac\u00f3&nbsp;<strong>\u201cEste es uno de los proyectos m\u00e1s importantes que se est\u00e1n desarrollando en la comuna, ya que es el sector del rodeo y donde se realiza la fiesta costumbrista de la esquila cada verano, la cual constituye la imagen de la comuna. Por eso estamos muy contentos de la participaci\u00f3n de gran parte de la comunidad en un proyecto que tiene una identidad propia y que adem\u00e1s, busca generar el circuito de rodeo con medidas oficiales para hacer campeonatos ojal\u00e1 de car\u00e1cter nacional<\/strong>\u201d, precis\u00f3<strong>.<\/strong><\/p>\n\n\n\n<p>Las actividades de participaci\u00f3n ciudadana se llevaron a cabo el martes 13 de agosto y consistieron en un taller dirigido a estudiantes de la escuela Diego Portales, funcionarios municipales y la comunidad en general. En el caso de la jornada infantil, su aporte consisti\u00f3 en indicar qu\u00e9 actividades y mobiliario urbano les parece necesario para la participaci\u00f3n de ni\u00f1os, ni\u00f1as y adolescentes, adem\u00e1s solicitaron incorporar en el dise\u00f1o, aspectos relacionados con la cultura aonikenk y fauna del sector. Los funcionarios municipales compartieron su experiencia en torno a las festividades que se realizan en el Centro Costumbrista, realizando recomendaciones t\u00e9cnicas a considerar en el dise\u00f1o, como por ejemplo, v\u00edas de acceso, ubicaci\u00f3n de las cociner\u00edas, servicios higi\u00e9nicos y otros. Y finalmente, la comunidad aport\u00f3 su opini\u00f3n al dise\u00f1o, considerando los diferentes usos que tiene este espacio.<\/p>\n\n\n\n<p>Al respecto, el Alcalde la comuna, Ricardo Ritter Rodr\u00edguez, manifest\u00f3 que a trav\u00e9s del proyecto, se busca que el Centro Costumbrista se convierta en un referente a nivel regional, nacional e internacional en este tipo de fiestas caracter\u00edsticas de la Patagonia. Por ello se espera optimizar el \u00e1rea de 10.700 metros cuadrados existentes, mediante un dise\u00f1o que favorezca la circulaci\u00f3n del p\u00fablico y una infraestructura acorde a los diferentes servicios que se brindan.<\/p>\n\n\n\n<p>La iniciativa impulsada por el Ministerio de Vivienda y Urbanismo, es desarrollada por el Serviu junto a la consultora Fernando Padilla Arrau y cuenta con financiamiento del Fondo Nacional de Desarrollo Regional. El plazo de la consultor\u00eda es de 335 d\u00edas corridos.<\/p>\n","protected":false},"excerpt":{"rendered":"<p>Con tres jornadas de participaci\u00f3n y consulta ciudadana se inici\u00f3 el dise\u00f1o del proyecto denominado \u201cMejoramiento Integral del Centro Costumbrista de Laguna Blanca\u201d, en la localidad de Villa Tehuelches. El&#8230; <a class=\"read-more\" href=\"https:\/\/www.radiopresidenteibanez.cl\/web\/comunidad-de-laguna-blanca-inicio-junto-al-minvu-y-municipio-el-diseno-participativo-de-centro-costumbrista\/\">Leer m\u00e1s<\/a><\/p>\n","protected":false},"author":2,"featured_media":6450,"comment_status":"closed","ping_status":"closed","sticky":false,"template":"","format":"standard","meta":{"footnotes":""},"categories":[1],"tags":[],"class_list":["post-6449","post","type-post","status-publish","format-standard","has-post-thumbnail","hentry","category-cronica"],"_links":{"self":[{"href":"https:\/\/www.radiopresidenteibanez.cl\/web\/wp-json\/wp\/v2\/posts\/6449","targetHints":{"allow":["GET"]}}],"collection":[{"href":"https:\/\/www.radiopresidenteibanez.cl\/web\/wp-json\/wp\/v2\/posts"}],"about":[{"href":"https:\/\/www.radiopresidenteibanez.cl\/web\/wp-json\/wp\/v2\/types\/post"}],"author":[{"embeddable":true,"href":"https:\/\/www.radiopresidenteibanez.cl\/web\/wp-json\/wp\/v2\/users\/2"}],"replies":[{"embeddable":true,"href":"https:\/\/www.radiopresidenteibanez.cl\/web\/wp-json\/wp\/v2\/comments?post=6449"}],"version-history":[{"count":0,"href":"https:\/\/www.radiopresidenteibanez.cl\/web\/wp-json\/wp\/v2\/posts\/6449\/revisions"}],"wp:featuredmedia":[{"embeddable":true,"href":"https:\/\/www.radiopresidenteibanez.cl\/web\/wp-json\/wp\/v2\/media\/6450"}],"wp:attachment":[{"href":"https:\/\/www.radiopresidenteibanez.cl\/web\/wp-json\/wp\/v2\/media?parent=6449"}],"wp:term":[{"taxonomy":"category","embeddable":true,"href":"https:\/\/www.radiopresidenteibanez.cl\/web\/wp-json\/wp\/v2\/categories?post=6449"},{"taxonomy":"post_tag","embeddable":true,"href":"https:\/\/www.radiopresidenteibanez.cl\/web\/wp-json\/wp\/v2\/tags?post=6449"}],"curies":[{"name":"wp","href":"https:\/\/api.w.org\/{rel}","templated":true}]}}