{"id":64479,"date":"2026-04-29T11:56:00","date_gmt":"2026-04-29T14:56:00","guid":{"rendered":"https:\/\/www.radiopresidenteibanez.cl\/web\/?p=64479"},"modified":"2026-04-29T10:38:32","modified_gmt":"2026-04-29T13:38:32","slug":"aerodromo-guardiamarina-zanartu-conforma-primer-comite-local-de-seguridad-de-la-aviacion-civil-en-puerto-williams","status":"publish","type":"post","link":"https:\/\/www.radiopresidenteibanez.cl\/web\/aerodromo-guardiamarina-zanartu-conforma-primer-comite-local-de-seguridad-de-la-aviacion-civil-en-puerto-williams\/","title":{"rendered":"Aer\u00f3dromo Guardiamarina Za\u00f1artu conforma primer Comit\u00e9 Local de Seguridad de la Aviaci\u00f3n Civil en Puerto Williams"},"content":{"rendered":"\n<p>Con el objetivo de fortalecer la seguridad aeroportuaria mediante la coordinaci\u00f3n interinstitucional entre el sector p\u00fablico y privado, el Aer\u00f3dromo Guardiamarina Za\u00f1artu de Puerto Williams conform\u00f3 por primera vez en su historia el Comit\u00e9 Local de Seguridad de la Aviaci\u00f3n Civil (CLSAC).&nbsp;<\/p>\n\n\n\n<p>El jefe de dicho recinto aeroportuario, Guido Mar\u00edn Romero, explic\u00f3 que esta instancia se constituye como un hito clave \u201cante el complejo escenario actual, marcado por el avance de la violencia y el crimen organizado\u201d. &nbsp;<\/p>\n\n\n\n<p>La autoridad local de la Direcci\u00f3n General de Aeron\u00e1utica Civil (DGCA), argument\u00f3 que este comit\u00e9 busca \u201cdifundir pol\u00edticas de prevenci\u00f3n e intervenci\u00f3n frente a actos de interferencia il\u00edcita, tales como la intrusi\u00f3n por la fuerza a bordo de una aeronave o en un aer\u00f3dromo, apoderamiento il\u00edcito de aeronaves, toma de rehenes o cualquier otro acto o tentativa destinada a comprometer la seguridad de la aviaci\u00f3n civil, estableciendo, para ello, las responsabilidades y coordinaciones con organismos p\u00fablicos y privados involucrados\u201d. &nbsp;<\/p>\n\n\n\n<p>Adem\u00e1s, Mar\u00edn sostuvo que en esta reuni\u00f3n \u201cse dieron a conocer los estados de alerta que declara la Autoridad Aeron\u00e1utica u otras situaciones que requieran coordinaciones para implementar o fortalecer las medidas de seguridad\u201d.&nbsp;<\/p>\n\n\n\n<p>Una de las autoridades invitadas, el delegado presidencial provincial de la Ant\u00e1rtica Chilena, Rodolfo Moncada Salazar, destac\u00f3 la conformaci\u00f3n de este comit\u00e9, enfatizando en que se refuerza la seguridad, uno de los ejes centrales del Gobierno del Presidente Jos\u00e9 Antonio Kast. \u201cEs importante que la DGAC tenga todos los protocolos activados frente a un hecho complejo, que esperamos no vaya a ocurrir. Ellos tienen claro c\u00f3mo deben actuar, y la idea es que las instituciones sepamos c\u00f3mo colaborar e ir resolviendo estos problemas\u201d, complement\u00f3.&nbsp;<\/p>\n\n\n\n<p>La reciente instancia incluy\u00f3 una exposici\u00f3n de Jonathan Barrenechea, quien es jefe de Seguridad Aeroportuaria (Avsec, por sus siglas en ingl\u00e9s) del aer\u00f3dromo. En ella, estuvieron presentes representantes de la Delegaci\u00f3n Presidencial Provincial de la Ant\u00e1rtica Chilena, Municipalidad de Cabo de Hornos, Armada de Chile, Carabineros de Chile, Polic\u00eda de Investigaciones, Fiscal\u00eda Local de Cabo de Hornos y Ant\u00e1rtica Chilena, Hospital Comunitario Cristina Calder\u00f3n y Aerov\u00edas DAP. Esta primera sesi\u00f3n del comit\u00e9 es parte de un total de cuatro de esta \u00edndole planificadas para este a\u00f1o.<\/p>\n","protected":false},"excerpt":{"rendered":"<p>Con el objetivo de fortalecer la seguridad aeroportuaria mediante la coordinaci\u00f3n interinstitucional entre el sector p\u00fablico y privado, el Aer\u00f3dromo Guardiamarina Za\u00f1artu de Puerto Williams conform\u00f3 por primera vez en&#8230; <a class=\"read-more\" href=\"https:\/\/www.radiopresidenteibanez.cl\/web\/aerodromo-guardiamarina-zanartu-conforma-primer-comite-local-de-seguridad-de-la-aviacion-civil-en-puerto-williams\/\">Leer m\u00e1s<\/a><\/p>\n","protected":false},"author":2,"featured_media":64480,"comment_status":"closed","ping_status":"closed","sticky":false,"template":"","format":"standard","meta":{"footnotes":""},"categories":[1],"tags":[],"class_list":["post-64479","post","type-post","status-publish","format-standard","has-post-thumbnail","hentry","category-cronica"],"_links":{"self":[{"href":"https:\/\/www.radiopresidenteibanez.cl\/web\/wp-json\/wp\/v2\/posts\/64479","targetHints":{"allow":["GET"]}}],"collection":[{"href":"https:\/\/www.radiopresidenteibanez.cl\/web\/wp-json\/wp\/v2\/posts"}],"about":[{"href":"https:\/\/www.radiopresidenteibanez.cl\/web\/wp-json\/wp\/v2\/types\/post"}],"author":[{"embeddable":true,"href":"https:\/\/www.radiopresidenteibanez.cl\/web\/wp-json\/wp\/v2\/users\/2"}],"replies":[{"embeddable":true,"href":"https:\/\/www.radiopresidenteibanez.cl\/web\/wp-json\/wp\/v2\/comments?post=64479"}],"version-history":[{"count":1,"href":"https:\/\/www.radiopresidenteibanez.cl\/web\/wp-json\/wp\/v2\/posts\/64479\/revisions"}],"predecessor-version":[{"id":64481,"href":"https:\/\/www.radiopresidenteibanez.cl\/web\/wp-json\/wp\/v2\/posts\/64479\/revisions\/64481"}],"wp:featuredmedia":[{"embeddable":true,"href":"https:\/\/www.radiopresidenteibanez.cl\/web\/wp-json\/wp\/v2\/media\/64480"}],"wp:attachment":[{"href":"https:\/\/www.radiopresidenteibanez.cl\/web\/wp-json\/wp\/v2\/media?parent=64479"}],"wp:term":[{"taxonomy":"category","embeddable":true,"href":"https:\/\/www.radiopresidenteibanez.cl\/web\/wp-json\/wp\/v2\/categories?post=64479"},{"taxonomy":"post_tag","embeddable":true,"href":"https:\/\/www.radiopresidenteibanez.cl\/web\/wp-json\/wp\/v2\/tags?post=64479"}],"curies":[{"name":"wp","href":"https:\/\/api.w.org\/{rel}","templated":true}]}}