{"id":64474,"date":"2026-04-29T10:43:00","date_gmt":"2026-04-29T13:43:00","guid":{"rendered":"https:\/\/www.radiopresidenteibanez.cl\/web\/?p=64474"},"modified":"2026-04-29T09:46:24","modified_gmt":"2026-04-29T12:46:24","slug":"escuela-portugal-recibe-donacion-de-libros-gracias-a-iniciativa-de-edelmag","status":"publish","type":"post","link":"https:\/\/www.radiopresidenteibanez.cl\/web\/escuela-portugal-recibe-donacion-de-libros-gracias-a-iniciativa-de-edelmag\/","title":{"rendered":"Escuela Portugal recibe donaci\u00f3n de libros gracias a iniciativa de EDELMAG"},"content":{"rendered":"\n<p>Gracias a una campa\u00f1a interna de EDELMAG, enmarcada en la conmemoraci\u00f3n del d\u00eda del libro, se concret\u00f3 la donaci\u00f3n de distintos ejemplares infantiles, deportivos, narrativos, entre otras tem\u00e1ticas a la escuela Portugal de Punta Arenas.<br>En total, fueron cerca de 80 libros entregados a la biblioteca del establecimiento educacional para que est\u00e9n a libre disposici\u00f3n de los estudiantes y los docentes, fortaleciendo los espacios de aprendizaje.<br>\u201cA principios de mes comenzamos una campa\u00f1a interna de recolecci\u00f3n de libros para donar a la escuela, y estamos muy contentos por los resultados. Este tipo de acciones demuestra el compromiso de la empresa con la formaci\u00f3n de las nuevas generaciones y con un gran m\u00e9todo como lo es la lectura\u201d destac\u00f3 Diego D\u00edaz, Gerente Comercial de EDELMAG.<br>Los ejemplares fueron recibidos por estudiantes de la escuela, quienes pudieron conocer in situ los nuevos libros que tendr\u00e1n a disposici\u00f3n y, adem\u00e1s, pudieron compartir con Edelman, quien realiz\u00f3 la entrega de los textos al recinto.<br>Para Liliana C\u00e1rcamo, jefa de UTP de la escuela Portugal, fue una instancia sumamente valiosa, y coment\u00f3 que \u201cestamos muy agradecidos que nos hayan tomado en cuenta y que se valor\u00e9 la ense\u00f1anza que estamos realizando. Le daremos el mejor uso a los libros\u201d.<br>Esta iniciativa refuerza el compromiso de EDELMAG con la educaci\u00f3n en la regi\u00f3n, contribuyendo al desarrollo integral de los alumnos, y buscando generar oportunidades que impacten positivamente en su formaci\u00f3n.<\/p>\n","protected":false},"excerpt":{"rendered":"<p>Gracias a una campa\u00f1a interna de EDELMAG, enmarcada en la conmemoraci\u00f3n del d\u00eda del libro, se concret\u00f3 la donaci\u00f3n de distintos ejemplares infantiles, deportivos, narrativos, entre otras tem\u00e1ticas a la&#8230; <a class=\"read-more\" href=\"https:\/\/www.radiopresidenteibanez.cl\/web\/escuela-portugal-recibe-donacion-de-libros-gracias-a-iniciativa-de-edelmag\/\">Leer m\u00e1s<\/a><\/p>\n","protected":false},"author":2,"featured_media":64475,"comment_status":"closed","ping_status":"closed","sticky":false,"template":"","format":"standard","meta":{"footnotes":""},"categories":[1],"tags":[],"class_list":["post-64474","post","type-post","status-publish","format-standard","has-post-thumbnail","hentry","category-cronica"],"_links":{"self":[{"href":"https:\/\/www.radiopresidenteibanez.cl\/web\/wp-json\/wp\/v2\/posts\/64474","targetHints":{"allow":["GET"]}}],"collection":[{"href":"https:\/\/www.radiopresidenteibanez.cl\/web\/wp-json\/wp\/v2\/posts"}],"about":[{"href":"https:\/\/www.radiopresidenteibanez.cl\/web\/wp-json\/wp\/v2\/types\/post"}],"author":[{"embeddable":true,"href":"https:\/\/www.radiopresidenteibanez.cl\/web\/wp-json\/wp\/v2\/users\/2"}],"replies":[{"embeddable":true,"href":"https:\/\/www.radiopresidenteibanez.cl\/web\/wp-json\/wp\/v2\/comments?post=64474"}],"version-history":[{"count":1,"href":"https:\/\/www.radiopresidenteibanez.cl\/web\/wp-json\/wp\/v2\/posts\/64474\/revisions"}],"predecessor-version":[{"id":64476,"href":"https:\/\/www.radiopresidenteibanez.cl\/web\/wp-json\/wp\/v2\/posts\/64474\/revisions\/64476"}],"wp:featuredmedia":[{"embeddable":true,"href":"https:\/\/www.radiopresidenteibanez.cl\/web\/wp-json\/wp\/v2\/media\/64475"}],"wp:attachment":[{"href":"https:\/\/www.radiopresidenteibanez.cl\/web\/wp-json\/wp\/v2\/media?parent=64474"}],"wp:term":[{"taxonomy":"category","embeddable":true,"href":"https:\/\/www.radiopresidenteibanez.cl\/web\/wp-json\/wp\/v2\/categories?post=64474"},{"taxonomy":"post_tag","embeddable":true,"href":"https:\/\/www.radiopresidenteibanez.cl\/web\/wp-json\/wp\/v2\/tags?post=64474"}],"curies":[{"name":"wp","href":"https:\/\/api.w.org\/{rel}","templated":true}]}}