{"id":64471,"date":"2026-04-29T09:39:48","date_gmt":"2026-04-29T12:39:48","guid":{"rendered":"https:\/\/www.radiopresidenteibanez.cl\/web\/?p=64471"},"modified":"2026-04-29T09:39:49","modified_gmt":"2026-04-29T12:39:49","slug":"destacan-importancia-de-la-salud-mental-y-el-autocuidado-en-el-dia-de-la-seguridad-y-salud-en-el-trabajo","status":"publish","type":"post","link":"https:\/\/www.radiopresidenteibanez.cl\/web\/destacan-importancia-de-la-salud-mental-y-el-autocuidado-en-el-dia-de-la-seguridad-y-salud-en-el-trabajo\/","title":{"rendered":"Destacan importancia de la salud mental y el autocuidado en el D\u00eda de la Seguridad y Salud en el Trabajo"},"content":{"rendered":"\n<p>Cada 28 de abril se conmemora a nivel internacional el D\u00eda de la Seguridad y Salud en el<br>Trabajo que recuerda la importancia de establecer y mantener lugares de trabajo<br>saludables de manera integral, tanto en lo que respecta a la salud f\u00edsica como mental de<br>las y los trabajadores.<br>En el marco de esta importante efem\u00e9ride es que las autoridades del Trabajo y de Salud<br>de la regi\u00f3n llevaron a cabo una actividad conjunta con funcionarios y funcionarias de<br>ambos sectores para promover el autocuidado en materia de salud mental,<br>principalmente.<br>Para ello, se congregaron alrededor de 45 asistentes en el auditorio de la Seremi de Salud<br>Magallanes, donde a trav\u00e9s de algunas din\u00e1micas se abordaron las principales<br>problem\u00e1ticas de salud mental que hoy viven las y los trabajadores en diferentes \u00e1mbitos.<br>Al respecto, el seremi del Trabajo y Previsi\u00f3n Social de la regi\u00f3n, Jos\u00e9 Miguel Salas,<br>explic\u00f3: \u201cEstuvimos en la seremi de salud de Magallanes, en esta actividad que<br>conmemora este d\u00eda tan especial, como es el D\u00eda Mundial de la Seguridad y Salud en el<br>Trabajo, con alrededor de 40 funcionarios que participaron en esta instancia conjunta con<br>el ISL, ya que nuestro esfuerzo y compromiso como gobierno es fomentar entornos de<br>trabajo sanos y conmemorar estos hitos de importancia para las personas\u201d.<br>Por su parte, la directora regional (s) del ISL Magallanes, Catherine Rojas, valor\u00f3 la<br>instancia como una oportunidad para reforzar el rol preventivo de las instituciones: \u201cEn<br>esta jornada conmemoramos el mes de la Seguridad y Salud en el Trabajo. Para nosotros<br>como Instituto de Seguridad Laboral ha sido super importante poder abordar durante<br>todo el mes esta materia, que implica hacer part\u00edcipes a las y los trabajadores para que<br>tomen conciencia de lo que significa la prevenci\u00f3n de riesgos y c\u00f3mo abordarla en su d\u00eda a<br>d\u00eda, incorporando cada vez con m\u00e1s fuerza el \u00e1mbito de la salud mental. Este tipo de<br>actividades permiten entregar herramientas concretas que impactan directamente en el bienestar<br>y la calidad de vida laboral\u201d.<\/p>\n\n\n\n<p>GOBIERNO DE CHILE<\/p>\n\n\n\n<p>Desde la Seremi de Salud, en tanto, se relev\u00f3 la importancia del trabajo intersectorial para<br>abordar los desaf\u00edos actuales en materia de salud ocupacional, especialmente en lo que<br>respecta a los riesgos psicosociales.<br>La actividad culmin\u00f3 con la entrega de botiquines de primeros auxilios por parte del ISL y<br>de otros elementos ergon\u00f3micos para las y los funcionarios presentes.<br>La jornada se enmarca en una serie de acciones impulsadas durante el mes, que buscan<br>sensibilizar sobre la importancia de generar culturas preventivas en los espacios de<br>trabajo, promoviendo el bienestar integral de las personas.<\/p>\n","protected":false},"excerpt":{"rendered":"<p>Cada 28 de abril se conmemora a nivel internacional el D\u00eda de la Seguridad y Salud en elTrabajo que recuerda la importancia de establecer y mantener lugares de trabajosaludables de&#8230; <a class=\"read-more\" href=\"https:\/\/www.radiopresidenteibanez.cl\/web\/destacan-importancia-de-la-salud-mental-y-el-autocuidado-en-el-dia-de-la-seguridad-y-salud-en-el-trabajo\/\">Leer m\u00e1s<\/a><\/p>\n","protected":false},"author":2,"featured_media":64472,"comment_status":"closed","ping_status":"closed","sticky":false,"template":"","format":"standard","meta":{"footnotes":""},"categories":[1],"tags":[],"class_list":["post-64471","post","type-post","status-publish","format-standard","has-post-thumbnail","hentry","category-cronica"],"_links":{"self":[{"href":"https:\/\/www.radiopresidenteibanez.cl\/web\/wp-json\/wp\/v2\/posts\/64471","targetHints":{"allow":["GET"]}}],"collection":[{"href":"https:\/\/www.radiopresidenteibanez.cl\/web\/wp-json\/wp\/v2\/posts"}],"about":[{"href":"https:\/\/www.radiopresidenteibanez.cl\/web\/wp-json\/wp\/v2\/types\/post"}],"author":[{"embeddable":true,"href":"https:\/\/www.radiopresidenteibanez.cl\/web\/wp-json\/wp\/v2\/users\/2"}],"replies":[{"embeddable":true,"href":"https:\/\/www.radiopresidenteibanez.cl\/web\/wp-json\/wp\/v2\/comments?post=64471"}],"version-history":[{"count":1,"href":"https:\/\/www.radiopresidenteibanez.cl\/web\/wp-json\/wp\/v2\/posts\/64471\/revisions"}],"predecessor-version":[{"id":64473,"href":"https:\/\/www.radiopresidenteibanez.cl\/web\/wp-json\/wp\/v2\/posts\/64471\/revisions\/64473"}],"wp:featuredmedia":[{"embeddable":true,"href":"https:\/\/www.radiopresidenteibanez.cl\/web\/wp-json\/wp\/v2\/media\/64472"}],"wp:attachment":[{"href":"https:\/\/www.radiopresidenteibanez.cl\/web\/wp-json\/wp\/v2\/media?parent=64471"}],"wp:term":[{"taxonomy":"category","embeddable":true,"href":"https:\/\/www.radiopresidenteibanez.cl\/web\/wp-json\/wp\/v2\/categories?post=64471"},{"taxonomy":"post_tag","embeddable":true,"href":"https:\/\/www.radiopresidenteibanez.cl\/web\/wp-json\/wp\/v2\/tags?post=64471"}],"curies":[{"name":"wp","href":"https:\/\/api.w.org\/{rel}","templated":true}]}}