{"id":64468,"date":"2026-04-29T08:23:03","date_gmt":"2026-04-29T11:23:03","guid":{"rendered":"https:\/\/www.radiopresidenteibanez.cl\/web\/?p=64468"},"modified":"2026-04-29T08:23:04","modified_gmt":"2026-04-29T11:23:04","slug":"minvu-inicia-obras-de-conservacion-vial-en-la-calle-bellavista-en-el-sector-sur-de-punta-arenas","status":"publish","type":"post","link":"https:\/\/www.radiopresidenteibanez.cl\/web\/minvu-inicia-obras-de-conservacion-vial-en-la-calle-bellavista-en-el-sector-sur-de-punta-arenas\/","title":{"rendered":"Minvu inicia obras de conservaci\u00f3n vial en la calle Bellavista, en el sector sur de Punta Arenas"},"content":{"rendered":"\n<p>El Ministerio de Vivienda y Urbanismo (Minvu) dio inicio a las obras de conservaci\u00f3n de v\u00edas urbanas de emergencia en la calle Bellavista, en el sector sur de Avenida Espa\u00f1a, intervenci\u00f3n que permitir\u00e1 mejorar las condiciones de tr\u00e1nsito en uno de los tramos m\u00e1s deteriorados de la ciudad.<\/p>\n\n\n\n<p>Los trabajos consideran la reposici\u00f3n de 2.032m\u00b2 de hormig\u00f3n en distintos puntos de la calle, entre Armando Sanhueza y Se\u00f1oret, adem\u00e1s de la calzada poniente de la Avenida Espa\u00f1a, entre Bellavista y Paraguaya. Esta intervenci\u00f3n forma parte del contrato de Conservaci\u00f3n de V\u00edas Urbanas de Emergencia, financiado a trav\u00e9s del Fondo Nacional de Desarrollo Regional.<\/p>\n\n\n\n<p>El seremi de Vivienda y Urbanismo, Rodolfo Guajardo Barr\u00eda, destac\u00f3 el inicio de estas obras como una respuesta concreta a las necesidades de la comunidad. \u201cEstamos resolviendo los requerimientos inmediatos de la ciudadan\u00eda. Todos los que transitamos por estas calles sabemos en qu\u00e9 condiciones se encuentran. Hoy acudimos a ese llamado justamente. Se cerr\u00f3 la calle y ya est\u00e1n trabajando en reparar esta v\u00eda de manera correcta\u201d, se\u00f1al\u00f3.<\/p>\n\n\n\n<p>La intervenci\u00f3n contempla el cierre total de la calzada durante el desarrollo de las obras, mientras que en la Avenida Espa\u00f1a se mantendr\u00e1 un tr\u00e1nsito parcial, resguardando la conectividad del sector.<\/p>\n\n\n\n<p>\u201cAvenida Espa\u00f1a seguir\u00e1 abierta al tr\u00e1nsito, con los resguardos necesarios para ejecutar los trabajos en invierno. Ustedes saben que la realidad en Magallanes es distinta a otras zonas del pa\u00eds, por lo que se est\u00e1 coordinando con la empresa contratista las medidas de protecci\u00f3n del hormig\u00f3n reci\u00e9n colocado, para evitar los efectos de los ciclos de hielo\u201d.<\/p>\n\n\n\n<p>El gobernador regional, Jorge Flies A\u00f1\u00f3n, valor\u00f3 el trabajo coordinado entre instituciones para avanzar en la reposici\u00f3n de calzadas en la regi\u00f3n. \u201cPrimero hay que destacar el trabajo que est\u00e1 haciendo en conjunto el Gobierno Regional con el Ministerio de Vivienda, especialmente a trav\u00e9s de Serviu. Los que viven en el sector sur, ocupan Bellavista y saben las condiciones que ten\u00eda. Esta calle es una de las m\u00e1s deterioradas que ten\u00eda Punta Arenas y hoy, desde Armando Sanhueza hasta Se\u00f1oret, incluyendo las calzadas entre bandejones de Avenida Espa\u00f1a, en forma coordinada, se van a estar cambiando\u201d, afirm\u00f3.<\/p>\n\n\n\n<p>Por su parte, el director (s) del Serviu Magallanes, Omar Gonz\u00e1lez Asenjo, explic\u00f3 los alcances t\u00e9cnicos de la intervenci\u00f3n y los plazos asociados. \u201cAqu\u00ed hay un cierre total que va a durar hasta fines de julio. La calle tiene una inversi\u00f3n de 300 millones aproximadamente y son 2.000 metros cuadrados los que se intervienen\u201d, detall\u00f3.<\/p>\n\n\n\n<p>El director (s) del Serviu agreg\u00f3 que estas obras forman parte de un contrato mayor que contempla la reposici\u00f3n de 14 tramos en la ciudad, junto con metros cuadrados adicionales destinados a emergencias. \u201cYa estamos en un 13% de avance y hemos agregado algunas obras que se han solicitado por parte de la comunidad, como es la calle 21 de Mayo, con cargo a los 5.000 metros cuadrados que tenemos de disposici\u00f3n para algunas emergencias\u201d, indic\u00f3.<\/p>\n\n\n\n<p>El proyecto considera la reposici\u00f3n completa del paquete estructural de las calzadas, mediante hormig\u00f3n de alta resistencia, lo que permitir\u00e1 mejorar la durabilidad de las v\u00edas intervenidas y responder a las condiciones clim\u00e1ticas propias de la regi\u00f3n.<\/p>\n\n\n\n<p>Las autoridades reiteraron el llamado a la comunidad a respetar la se\u00f1alizaci\u00f3n y planificar sus desplazamientos, considerando los desv\u00edos y restricciones que se implementar\u00e1n durante el desarrollo de las obras, cuyo plazo de ejecuci\u00f3n se extiende hasta el 30 de julio de 2026 en este tramo.<\/p>\n","protected":false},"excerpt":{"rendered":"<p>El Ministerio de Vivienda y Urbanismo (Minvu) dio inicio a las obras de conservaci\u00f3n de v\u00edas urbanas de emergencia en la calle Bellavista, en el sector sur de Avenida Espa\u00f1a,&#8230; <a class=\"read-more\" href=\"https:\/\/www.radiopresidenteibanez.cl\/web\/minvu-inicia-obras-de-conservacion-vial-en-la-calle-bellavista-en-el-sector-sur-de-punta-arenas\/\">Leer m\u00e1s<\/a><\/p>\n","protected":false},"author":2,"featured_media":64469,"comment_status":"closed","ping_status":"closed","sticky":false,"template":"","format":"standard","meta":{"footnotes":""},"categories":[1],"tags":[],"class_list":["post-64468","post","type-post","status-publish","format-standard","has-post-thumbnail","hentry","category-cronica"],"_links":{"self":[{"href":"https:\/\/www.radiopresidenteibanez.cl\/web\/wp-json\/wp\/v2\/posts\/64468","targetHints":{"allow":["GET"]}}],"collection":[{"href":"https:\/\/www.radiopresidenteibanez.cl\/web\/wp-json\/wp\/v2\/posts"}],"about":[{"href":"https:\/\/www.radiopresidenteibanez.cl\/web\/wp-json\/wp\/v2\/types\/post"}],"author":[{"embeddable":true,"href":"https:\/\/www.radiopresidenteibanez.cl\/web\/wp-json\/wp\/v2\/users\/2"}],"replies":[{"embeddable":true,"href":"https:\/\/www.radiopresidenteibanez.cl\/web\/wp-json\/wp\/v2\/comments?post=64468"}],"version-history":[{"count":1,"href":"https:\/\/www.radiopresidenteibanez.cl\/web\/wp-json\/wp\/v2\/posts\/64468\/revisions"}],"predecessor-version":[{"id":64470,"href":"https:\/\/www.radiopresidenteibanez.cl\/web\/wp-json\/wp\/v2\/posts\/64468\/revisions\/64470"}],"wp:featuredmedia":[{"embeddable":true,"href":"https:\/\/www.radiopresidenteibanez.cl\/web\/wp-json\/wp\/v2\/media\/64469"}],"wp:attachment":[{"href":"https:\/\/www.radiopresidenteibanez.cl\/web\/wp-json\/wp\/v2\/media?parent=64468"}],"wp:term":[{"taxonomy":"category","embeddable":true,"href":"https:\/\/www.radiopresidenteibanez.cl\/web\/wp-json\/wp\/v2\/categories?post=64468"},{"taxonomy":"post_tag","embeddable":true,"href":"https:\/\/www.radiopresidenteibanez.cl\/web\/wp-json\/wp\/v2\/tags?post=64468"}],"curies":[{"name":"wp","href":"https:\/\/api.w.org\/{rel}","templated":true}]}}