{"id":64463,"date":"2026-04-28T19:18:00","date_gmt":"2026-04-28T22:18:00","guid":{"rendered":"https:\/\/www.radiopresidenteibanez.cl\/web\/?p=64463"},"modified":"2026-04-28T14:00:26","modified_gmt":"2026-04-28T17:00:26","slug":"seremi-minvu-verifico-avance-de-proyectos-en-ejecucion-en-cerro-sombrero","status":"publish","type":"post","link":"https:\/\/www.radiopresidenteibanez.cl\/web\/seremi-minvu-verifico-avance-de-proyectos-en-ejecucion-en-cerro-sombrero\/","title":{"rendered":"Seremi Minvu verific\u00f3 avance de proyectos en ejecuci\u00f3n en Cerro Sombrero"},"content":{"rendered":"\n<p>Ya se concret\u00f3 por parte del Serviu regional, la recepci\u00f3n del proyecto habitacional \u201cPioneros\u201d en la localidad de Cerro Sombrero, comuna de Primavera. Dicho proceso, que cont\u00f3 con la participaci\u00f3n del Seremi de Vivienda y Urbanismo Rodolfo Guajardo Barr\u00eda, permite dar paso a la recepci\u00f3n municipal que har\u00e1 posible la pr\u00f3xima entrega de las viviendas.<\/p>\n\n\n\n<p>Luego de estar presente en la actividad, la autoridad del Minvu reiter\u00f3 el compromiso de velar por la pronta entrega de las viviendas, atendiendo el mandato presidencial y ministerial de agilizar los procedimientos administrativos destinados a atender la necesidad de las familias.<\/p>\n\n\n\n<p>\u201cEstuvimos en Cerro Sombrero junto con la comisi\u00f3n del Serviu a cargo de la recepci\u00f3n del proyecto habitacional \u201cPioneros\u201d, que consta de 49 viviendas el cual se encuentra finalizado por parte de la empresa constructora. Y sostuvimos una reuni\u00f3n de trabajo tambi\u00e9n con la Alcaldesa de Primavera para proyectar la pronta entrega de las viviendas y la operatividad de los servicios para el pleno uso de las familias beneficiarias. Esto incluye los servicios de agua potable, gas y electricidad para este conjunto habitacional\u201d, precis\u00f3.<\/p>\n\n\n\n<p>Se trata de un barrio de viviendas sin deuda construido por el Minvu en la localidad fueguina a trav\u00e9s del primer llamado regional del Programa de Habitabilidad Rural (D.S.N\u00b010). La iniciativa cuenta con una inversi\u00f3n de 193.158 UF, equivalente a 7.700 millones de pesos, proveniente de subsidios habitacionales, aporte complementario del Gobierno Regional y ahorro inicial de los postulantes.<\/p>\n\n\n\n<p>La obra se inici\u00f3 en diciembre de 2024 y su t\u00e9rmino contractual es a fines de mayo del presente a\u00f1o.<\/p>\n\n\n\n<p><strong>Llamado N\u00b033 de Pavimentos Participativos<\/strong><strong><\/strong><\/p>\n\n\n\n<p>A la par del desarrollo habitacional, el Serviu se encuentra ejecutando obras del Programa de Pavimentaci\u00f3n Participativa, que consideran la construcci\u00f3n de calzadas, cruces con accesibilidad universal, instalaci\u00f3n de vallas peatonales y defensas camineras, entre otras partidas.<\/p>\n\n\n\n<p>Respecto a los trabajos, el Seremi Guajardo inform\u00f3 \u201cVisitamos las obras del Llamado N\u00b033 del Programa de Pavimentos Participativos que registra un avance del 94 por ciento en la comuna de Primavera con la construcci\u00f3n de 1.347 metros lineales de calzada y acera, las que incluyen canalizaciones de aguas lluvias y otras mejoras. Seguiremos atentos al correcto desarrollo de estos trabajos que dar\u00e1n una respuesta a la necesidad de desplazamiento seguro por parte de los habitantes de Cerro Sombrero y tambi\u00e9n cumpliendo con una anhelada propuesta que ellos ten\u00edan\u201d.<\/p>\n\n\n\n<p>Cabe se\u00f1alar que el Llamado N\u00b033 del Programa de Pavimentaci\u00f3n Participativa asign\u00f3 11.60 millones de pesos para la ejecuci\u00f3n de obras en Punta Arenas, Primavera, Cabo de Hornos y Timaukel.<\/p>\n\n\n\n<p>La autoridad del Minvu manifest\u00f3 su compromiso con la calidad de las obras en ejecuci\u00f3n y los nuevos proyectos que se ejecutar\u00e1n en el marco de los diferentes programas ministeriales, entre ellos el Programa Para Peque\u00f1as Localidades.<\/p>\n","protected":false},"excerpt":{"rendered":"<p>Ya se concret\u00f3 por parte del Serviu regional, la recepci\u00f3n del proyecto habitacional \u201cPioneros\u201d en la localidad de Cerro Sombrero, comuna de Primavera. Dicho proceso, que cont\u00f3 con la participaci\u00f3n&#8230; <a class=\"read-more\" href=\"https:\/\/www.radiopresidenteibanez.cl\/web\/seremi-minvu-verifico-avance-de-proyectos-en-ejecucion-en-cerro-sombrero\/\">Leer m\u00e1s<\/a><\/p>\n","protected":false},"author":2,"featured_media":64464,"comment_status":"closed","ping_status":"closed","sticky":false,"template":"","format":"standard","meta":{"footnotes":""},"categories":[1],"tags":[],"class_list":["post-64463","post","type-post","status-publish","format-standard","has-post-thumbnail","hentry","category-cronica"],"_links":{"self":[{"href":"https:\/\/www.radiopresidenteibanez.cl\/web\/wp-json\/wp\/v2\/posts\/64463","targetHints":{"allow":["GET"]}}],"collection":[{"href":"https:\/\/www.radiopresidenteibanez.cl\/web\/wp-json\/wp\/v2\/posts"}],"about":[{"href":"https:\/\/www.radiopresidenteibanez.cl\/web\/wp-json\/wp\/v2\/types\/post"}],"author":[{"embeddable":true,"href":"https:\/\/www.radiopresidenteibanez.cl\/web\/wp-json\/wp\/v2\/users\/2"}],"replies":[{"embeddable":true,"href":"https:\/\/www.radiopresidenteibanez.cl\/web\/wp-json\/wp\/v2\/comments?post=64463"}],"version-history":[{"count":1,"href":"https:\/\/www.radiopresidenteibanez.cl\/web\/wp-json\/wp\/v2\/posts\/64463\/revisions"}],"predecessor-version":[{"id":64465,"href":"https:\/\/www.radiopresidenteibanez.cl\/web\/wp-json\/wp\/v2\/posts\/64463\/revisions\/64465"}],"wp:featuredmedia":[{"embeddable":true,"href":"https:\/\/www.radiopresidenteibanez.cl\/web\/wp-json\/wp\/v2\/media\/64464"}],"wp:attachment":[{"href":"https:\/\/www.radiopresidenteibanez.cl\/web\/wp-json\/wp\/v2\/media?parent=64463"}],"wp:term":[{"taxonomy":"category","embeddable":true,"href":"https:\/\/www.radiopresidenteibanez.cl\/web\/wp-json\/wp\/v2\/categories?post=64463"},{"taxonomy":"post_tag","embeddable":true,"href":"https:\/\/www.radiopresidenteibanez.cl\/web\/wp-json\/wp\/v2\/tags?post=64463"}],"curies":[{"name":"wp","href":"https:\/\/api.w.org\/{rel}","templated":true}]}}