{"id":64460,"date":"2026-04-28T17:49:00","date_gmt":"2026-04-28T20:49:00","guid":{"rendered":"https:\/\/www.radiopresidenteibanez.cl\/web\/?p=64460"},"modified":"2026-04-28T13:33:31","modified_gmt":"2026-04-28T16:33:31","slug":"senador-kusanovic-coordina-ofensiva-para-resolver-toma-en-poblacion-silva-henriquez-y-terminar-con-12-anos-de-abandono","status":"publish","type":"post","link":"https:\/\/www.radiopresidenteibanez.cl\/web\/senador-kusanovic-coordina-ofensiva-para-resolver-toma-en-poblacion-silva-henriquez-y-terminar-con-12-anos-de-abandono\/","title":{"rendered":"Senador Kusanovic coordina ofensiva para resolver toma en Poblaci\u00f3n Silva Henr\u00edquez y terminar con 12 a\u00f1os de abandono."},"content":{"rendered":"\n<p>Una productiva reuni\u00f3n de trabajo sostuvieron dirigentes de la junta de vecinos \u00abCardenal Ra\u00fal Silva Henr\u00edquez\u00bb junto al Seremi de vivienda, Rodolfo Guajardo, y el senador Alejandro Kusanovic, acompa\u00f1ado de su equipo jur\u00eddico. El objetivo central del encuentro fue delinear soluciones concretas frente a la grave problem\u00e1tica generada por la toma emplazada en el sector, la cual persiste y se ha consolidado tras m\u00e1s de una d\u00e9cada de inacci\u00f3n estatal.<br>La presidenta de la junta de vecinos, Silvia Garrido, valor\u00f3 la gesti\u00f3n del parlamentario y agradeci\u00f3 la instancia de di\u00e1logo, se\u00f1alando que la situaci\u00f3n ha deteriorado profundamente la calidad de vida en el barrio.<br>\u201cNos reunimos con el senador y el Seremi de Vivienda en una instancia muy necesaria. Llevamos a\u00f1os con esta problem\u00e1tica. A ra\u00edz de la toma, nos cerraron el CECOSF y el jard\u00edn infantil, dos instituciones vitales para nuestra poblaci\u00f3n. Hoy los ni\u00f1os est\u00e1n dispersos en otros jardines, lo que afecta directamente la log\u00edstica y bienestar de nuestras familias\u201d, expres\u00f3 la dirigenta.<br>Garrido explic\u00f3 que, m\u00e1s all\u00e1 del impacto en los servicios, la comunidad enfrenta una crisis sanitaria y de seguridad insostenible: \u201cTenemos problemas graves de aguas servidas y malos olores insoportables. A esto se suma el humo constante, focos de drogadicci\u00f3n, robos y violencia. Los desechos corren por fuera de nuestras casas; es una situaci\u00f3n insalubre, especialmente para nuestros ni\u00f1os y adultos mayores\u201d.<br>Asimismo, fue enf\u00e1tica en aclarar que los vecinos no buscan un desalojo violento, sino una salida humanitaria y definitiva. \u201cQueremos que se llegue a un acuerdo y que esas personas tambi\u00e9n accedan a una vivienda digna. Hay adultos mayores viviendo ah\u00ed que necesitan una soluci\u00f3n urgente, especialmente con la proximidad del invierno\u201d, sostuvo.<br>Por su parte, el senador Alejandro Kusanovic reafirm\u00f3 su compromiso de acompa\u00f1ar a los vecinos y gestionar acciones concretas ante las autoridades competentes, criticando la falta de gesti\u00f3n hist\u00f3rica en el sector.<br>\u201cAqu\u00ed no solo enfrentamos un d\u00e9ficit habitacional, sino una vulneraci\u00f3n grave a la dignidad, la salud y la seguridad de todo un barrio. Por a\u00f1os ha existido una desidia inaceptable por parte de las autoridades competentes. No podemos permitir que una comunidad viva entre aguas servidas y sin servicios b\u00e1sicos por falta de voluntad pol\u00edtica\u201d, se\u00f1al\u00f3 el parlamentario.<br>Finalmente, Kusanovic asegur\u00f3 que su equipo jur\u00eddico seguir\u00e1 trabajando en la mesa t\u00e9cnica para garantizar que las familias de la toma accedan a soluciones habitacionales regulares, devolviendo as\u00ed la tranquilidad y los espacios p\u00fablicos -como el jard\u00edn infantil y el centro de salud- a los habitantes de la poblaci\u00f3n Silva Henr\u00edquez.<\/p>\n","protected":false},"excerpt":{"rendered":"<p>Una productiva reuni\u00f3n de trabajo sostuvieron dirigentes de la junta de vecinos \u00abCardenal Ra\u00fal Silva Henr\u00edquez\u00bb junto al Seremi de vivienda, Rodolfo Guajardo, y el senador Alejandro Kusanovic, acompa\u00f1ado de&#8230; <a class=\"read-more\" href=\"https:\/\/www.radiopresidenteibanez.cl\/web\/senador-kusanovic-coordina-ofensiva-para-resolver-toma-en-poblacion-silva-henriquez-y-terminar-con-12-anos-de-abandono\/\">Leer m\u00e1s<\/a><\/p>\n","protected":false},"author":2,"featured_media":64461,"comment_status":"closed","ping_status":"closed","sticky":false,"template":"","format":"standard","meta":{"footnotes":""},"categories":[1],"tags":[],"class_list":["post-64460","post","type-post","status-publish","format-standard","has-post-thumbnail","hentry","category-cronica"],"_links":{"self":[{"href":"https:\/\/www.radiopresidenteibanez.cl\/web\/wp-json\/wp\/v2\/posts\/64460","targetHints":{"allow":["GET"]}}],"collection":[{"href":"https:\/\/www.radiopresidenteibanez.cl\/web\/wp-json\/wp\/v2\/posts"}],"about":[{"href":"https:\/\/www.radiopresidenteibanez.cl\/web\/wp-json\/wp\/v2\/types\/post"}],"author":[{"embeddable":true,"href":"https:\/\/www.radiopresidenteibanez.cl\/web\/wp-json\/wp\/v2\/users\/2"}],"replies":[{"embeddable":true,"href":"https:\/\/www.radiopresidenteibanez.cl\/web\/wp-json\/wp\/v2\/comments?post=64460"}],"version-history":[{"count":1,"href":"https:\/\/www.radiopresidenteibanez.cl\/web\/wp-json\/wp\/v2\/posts\/64460\/revisions"}],"predecessor-version":[{"id":64462,"href":"https:\/\/www.radiopresidenteibanez.cl\/web\/wp-json\/wp\/v2\/posts\/64460\/revisions\/64462"}],"wp:featuredmedia":[{"embeddable":true,"href":"https:\/\/www.radiopresidenteibanez.cl\/web\/wp-json\/wp\/v2\/media\/64461"}],"wp:attachment":[{"href":"https:\/\/www.radiopresidenteibanez.cl\/web\/wp-json\/wp\/v2\/media?parent=64460"}],"wp:term":[{"taxonomy":"category","embeddable":true,"href":"https:\/\/www.radiopresidenteibanez.cl\/web\/wp-json\/wp\/v2\/categories?post=64460"},{"taxonomy":"post_tag","embeddable":true,"href":"https:\/\/www.radiopresidenteibanez.cl\/web\/wp-json\/wp\/v2\/tags?post=64460"}],"curies":[{"name":"wp","href":"https:\/\/api.w.org\/{rel}","templated":true}]}}