{"id":6446,"date":"2019-08-18T13:54:33","date_gmt":"2019-08-18T13:54:33","guid":{"rendered":"http:\/\/www.radiopresidenteibanez.cl\/web\/?p=6446"},"modified":"2019-08-18T13:54:39","modified_gmt":"2019-08-18T13:54:39","slug":"campesinos-reciben-apoyo-de-indap-para-dar-inicio-a-la-temporada-agricola","status":"publish","type":"post","link":"https:\/\/www.radiopresidenteibanez.cl\/web\/campesinos-reciben-apoyo-de-indap-para-dar-inicio-a-la-temporada-agricola\/","title":{"rendered":"CAMPESINOS RECIBEN APOYO DE INDAP PARA DAR INICIO A LA TEMPORADA AGR\u00cdCOLA"},"content":{"rendered":"\n<p>El aporte de cien mil pesos en productos para la siembra del Fondo de&nbsp;Apoyo&nbsp;Inicial&nbsp;(FAI) de INDAP, llega justo cuando Mar\u00eda Hueicha, 65 a\u00f1os, comienza a preparar la tierra para la siembra en su parcela, ubicada en el sector del Loteo Vrsalovic.&nbsp; Hace cuatro a\u00f1os es usuaria de INDAP y este a\u00f1o espera aumentar su cosecha de lechugas, perejil, cilantro, arvejas, habas, y repollo.<\/p>\n\n\n\n<p>\u201cEsta semilla de cilantro que me llevo es muy bueno, igual que las lechugas, me alcanzan para toda la temporada.&nbsp;&nbsp;Este a\u00f1o creo que la cosecha va a ser muy buena, y estoy agradecido del&nbsp;apoyo, porque siempre sirve y ayuda para empezar.&nbsp;&nbsp;Espero estar sembrando pasado el 18 de Septiembre\u201d, explic\u00f3 Hueicha.<\/p>\n\n\n\n<p>Otro caso es el de Marta C\u00e1rcamo, 75 a\u00f1os, que le ha ganado a los a\u00f1os y al tiempo y ella misma produce gran parte de los alimentos que consume, pero tambi\u00e9n tiene para la venta y este a\u00f1o parti\u00f3 por adelantada, ya tiene siembras de habas y arvejas en su parcela ubicada en el sector de prolongaci\u00f3n Manuel Aguilar.&nbsp;&nbsp;&nbsp;<\/p>\n\n\n\n<p>En total son 25 familias de Punta Arenas beneficiadas con el Fondo de&nbsp;Apoyo&nbsp;Inicial, FAI, de Indap.&nbsp;Este incentivo de cien mil pesos por persona est\u00e1 destinado a financiar la compra de insumos como semillas, fertilizantes, cintas de riego, entre otros elementos necesarios. Todos los beneficiados participan del Programa de Desarrollo Local, Prodesal, de Punta Arenas, iniciativa que se realiza de manera conjunta con el municipio.<\/p>\n\n\n\n<p>\u201cEstamos&nbsp;entregando el primer&nbsp;apoyo&nbsp;econ\u00f3mico para dar inicio a la temporada agr\u00edcola, con recursos que ayudar\u00e1n a nuestros agricultores en la compra de insumos b\u00e1sicos, como semillas, palas, gualatos, carretillas.&nbsp;Ya empiezan a preparar los suelos y la tierra para la pr\u00f3xima temporada\u201d, explic\u00f3 Petar Bradasic, director regional de Indap.<\/p>\n\n\n\n<p>A su vez, precis\u00f3 que el FAI es un aporte que se suma a otros mayores que otorga INDAP como la compra de invernaderos, maquinaria, construcci\u00f3n de pozos,&nbsp;entrega&nbsp;de tractores, entre otros. \u201cCreemos que en el mes de octubre ya deber\u00edamos contar con algunos productos frescos en el mercado y estamos confiados en que ser\u00e1 una buena temporada por la infraestructura&nbsp;entregada el \u00faltimo tiempo\u201d, indic\u00f3 Bradasic.<\/p>\n\n\n\n<p>Bradasic precis\u00f3 que el&nbsp;apoyo&nbsp;econ\u00f3mico del Gobierno Regional ha sido fundamental. \u201cPor distancia y clima los costos de la agricultura local son m\u00e1s elevados que en el resto del pa\u00eds y para contar con productos de calidad, inocuos y con el sabor sano de la Patagonia se hace un deber apoyar a los peque\u00f1os agricultores, porque dif\u00edcilmente podr\u00edan realizar las costosas inversiones que significa producir en la Patagonia\u201d, se\u00f1al\u00f3.<\/p>\n\n\n\n<p>A su vez, aclar\u00f3 que el FAI es uno de los tantos&nbsp;apoyos que&nbsp;entrega&nbsp;INDAP.&nbsp; El Fondo de&nbsp;Apoyo&nbsp;Inicial&nbsp;es el m\u00e1s b\u00e1sico y est\u00e1 orientado espec\u00edficamente a los agricultores que integran el Programa de Desarrollo Local, Prodesal.<\/p>\n\n\n\n<p>Una de las principales ventajas de la producci\u00f3n local de hortalizas la constituye la calidad fitosanitaria, terneza y frescura del producto; sin embargo, los costos de producci\u00f3n son elevados, debido a diversos factores como clima y lejan\u00eda de centros proveedores de insumos, entre otras. De ah\u00ed que el&nbsp;apoyo&nbsp;del INDAP sea fundamental para alcanzar una dieta sustentable y productos de \u00f3ptima calidad.<\/p>\n","protected":false},"excerpt":{"rendered":"<p>El aporte de cien mil pesos en productos para la siembra del Fondo de&nbsp;Apoyo&nbsp;Inicial&nbsp;(FAI) de INDAP, llega justo cuando Mar\u00eda Hueicha, 65 a\u00f1os, comienza a preparar la tierra para la&#8230; <a class=\"read-more\" href=\"https:\/\/www.radiopresidenteibanez.cl\/web\/campesinos-reciben-apoyo-de-indap-para-dar-inicio-a-la-temporada-agricola\/\">Leer m\u00e1s<\/a><\/p>\n","protected":false},"author":2,"featured_media":6447,"comment_status":"closed","ping_status":"closed","sticky":false,"template":"","format":"standard","meta":{"footnotes":""},"categories":[1],"tags":[],"class_list":["post-6446","post","type-post","status-publish","format-standard","has-post-thumbnail","hentry","category-cronica"],"_links":{"self":[{"href":"https:\/\/www.radiopresidenteibanez.cl\/web\/wp-json\/wp\/v2\/posts\/6446","targetHints":{"allow":["GET"]}}],"collection":[{"href":"https:\/\/www.radiopresidenteibanez.cl\/web\/wp-json\/wp\/v2\/posts"}],"about":[{"href":"https:\/\/www.radiopresidenteibanez.cl\/web\/wp-json\/wp\/v2\/types\/post"}],"author":[{"embeddable":true,"href":"https:\/\/www.radiopresidenteibanez.cl\/web\/wp-json\/wp\/v2\/users\/2"}],"replies":[{"embeddable":true,"href":"https:\/\/www.radiopresidenteibanez.cl\/web\/wp-json\/wp\/v2\/comments?post=6446"}],"version-history":[{"count":0,"href":"https:\/\/www.radiopresidenteibanez.cl\/web\/wp-json\/wp\/v2\/posts\/6446\/revisions"}],"wp:featuredmedia":[{"embeddable":true,"href":"https:\/\/www.radiopresidenteibanez.cl\/web\/wp-json\/wp\/v2\/media\/6447"}],"wp:attachment":[{"href":"https:\/\/www.radiopresidenteibanez.cl\/web\/wp-json\/wp\/v2\/media?parent=6446"}],"wp:term":[{"taxonomy":"category","embeddable":true,"href":"https:\/\/www.radiopresidenteibanez.cl\/web\/wp-json\/wp\/v2\/categories?post=6446"},{"taxonomy":"post_tag","embeddable":true,"href":"https:\/\/www.radiopresidenteibanez.cl\/web\/wp-json\/wp\/v2\/tags?post=6446"}],"curies":[{"name":"wp","href":"https:\/\/api.w.org\/{rel}","templated":true}]}}