{"id":64454,"date":"2026-04-28T14:55:00","date_gmt":"2026-04-28T17:55:00","guid":{"rendered":"https:\/\/www.radiopresidenteibanez.cl\/web\/?p=64454"},"modified":"2026-04-28T13:14:23","modified_gmt":"2026-04-28T16:14:23","slug":"con-ejes-en-la-biodiversidad-y-conservacion-centro-chic-realizara-su-pre-conferencia-con-talleres-en-punta-arenas","status":"publish","type":"post","link":"https:\/\/www.radiopresidenteibanez.cl\/web\/con-ejes-en-la-biodiversidad-y-conservacion-centro-chic-realizara-su-pre-conferencia-con-talleres-en-punta-arenas\/","title":{"rendered":"Con ejes en la biodiversidad y conservaci\u00f3n, Centro CHIC realizar\u00e1 su Pre-Conferencia con talleres en Punta Arenas"},"content":{"rendered":"\n<p>Durante mayo, el Centro Internacional Cabo de Hornos (CHIC, por sus siglas en ingl\u00e9s) realizar\u00e1 su IV Conferencia Internacional en Puerto Williams. Como parte de esa instancia, acad\u00e9micos de este proyecto y de la Universidad de Magallanes (UMAG) desarrollar\u00e1n una serie de talleres para la comunidad de Punta Arenas, entre el 4 y 6 de mayo.<\/p>\n\n\n\n<p>En total, ser\u00e1n 4 cursos dirigidos a estudiantes universitarios y escolares, profesionales del turismo, de educaci\u00f3n ambiental, de artes y p\u00fablico general interesado en comprender sobre la biodiversidad y conservaci\u00f3n de la austral regi\u00f3n.<\/p>\n\n\n\n<p>El primero de ellos \u201cHistoria de la vida de un \u00e1rbol\u201d comenzar\u00e1 el lunes 4 de mayo, desde el Instituto de la Patagonia, donde el Laboratorio de Dendrocronolog\u00eda, de la UMAG, compuesto por Christian Bringas, Catalina Fern\u00e1ndez e Isabella Aguilera, realizar\u00e1 un taller sobre la historia de vida de \u00e1rboles, conociendo sobre las transformaciones ambientales que han vivido.<\/p>\n\n\n\n<p>Para la jornada del 5 de mayo, desde el Laboratorio LEMAS se dar\u00e1 cuenta de las cript\u00f3gamas subant\u00e1rticas (macroalgas, hongos, l\u00edquenes y musgos) como protagonistas de los ecosistemas del extremo austral de Chile, a trav\u00e9s de una apreciaci\u00f3n guiada y trabajo pr\u00e1ctico con la t\u00e9cnica de la exicata, dirigida por Johanna Marambio, Laura S\u00e1nchez, Juan Pablo Rodr\u00edguez y Violeta Gibelli.<\/p>\n\n\n\n<p>En tanto, durante aquel martes, Leandro Mart\u00ednez y Judith Pardo estar\u00e1n a cargo del taller \u201cEvoluci\u00f3n de los helechos\u201d, que proporcionar\u00e1 una comprensi\u00f3n integrada de la historia evolutiva de los&nbsp;<em>Monilophytas<\/em>, combinando evidencia morfol\u00f3gica, anat\u00f3mica y una visi\u00f3n desde la paleobot\u00e1nica. Cabe se\u00f1alar que tambi\u00e9n se incluye una salida a terreno a la Reserva de Magallanes a la siguiente jornada.<\/p>\n\n\n\n<p>Por \u00faltimo, el mi\u00e9rcoles 6 de mayo, y liderado por Rodrigo Soteres, se desarrollar\u00e1 un recorrido por Punta Arenas, con la finalidad de comprender el paisaje y la historia natural de la ciudad en el contexto de las glaciaciones, transitando por la costanera, centro y otros sectores de la capital regional.<\/p>\n\n\n\n<p><br>Conoce m\u00e1s detalles en nuestro sitio web y tambi\u00e9n accede al formulario de inscripci\u00f3n para estos talleres. Dudas y consultas se podr\u00e1n realizar al correo electr\u00f3nico&nbsp;<a href=\"mailto:conferenciaCHIC@capehorncenter.com\" target=\"_blank\" rel=\"noreferrer noopener\">conferenciaCHIC@capehorncenter.com<\/a><\/p>\n","protected":false},"excerpt":{"rendered":"<p>Durante mayo, el Centro Internacional Cabo de Hornos (CHIC, por sus siglas en ingl\u00e9s) realizar\u00e1 su IV Conferencia Internacional en Puerto Williams. Como parte de esa instancia, acad\u00e9micos de este&#8230; <a class=\"read-more\" href=\"https:\/\/www.radiopresidenteibanez.cl\/web\/con-ejes-en-la-biodiversidad-y-conservacion-centro-chic-realizara-su-pre-conferencia-con-talleres-en-punta-arenas\/\">Leer m\u00e1s<\/a><\/p>\n","protected":false},"author":2,"featured_media":64455,"comment_status":"closed","ping_status":"closed","sticky":false,"template":"","format":"standard","meta":{"footnotes":""},"categories":[1],"tags":[],"class_list":["post-64454","post","type-post","status-publish","format-standard","has-post-thumbnail","hentry","category-cronica"],"_links":{"self":[{"href":"https:\/\/www.radiopresidenteibanez.cl\/web\/wp-json\/wp\/v2\/posts\/64454","targetHints":{"allow":["GET"]}}],"collection":[{"href":"https:\/\/www.radiopresidenteibanez.cl\/web\/wp-json\/wp\/v2\/posts"}],"about":[{"href":"https:\/\/www.radiopresidenteibanez.cl\/web\/wp-json\/wp\/v2\/types\/post"}],"author":[{"embeddable":true,"href":"https:\/\/www.radiopresidenteibanez.cl\/web\/wp-json\/wp\/v2\/users\/2"}],"replies":[{"embeddable":true,"href":"https:\/\/www.radiopresidenteibanez.cl\/web\/wp-json\/wp\/v2\/comments?post=64454"}],"version-history":[{"count":1,"href":"https:\/\/www.radiopresidenteibanez.cl\/web\/wp-json\/wp\/v2\/posts\/64454\/revisions"}],"predecessor-version":[{"id":64456,"href":"https:\/\/www.radiopresidenteibanez.cl\/web\/wp-json\/wp\/v2\/posts\/64454\/revisions\/64456"}],"wp:featuredmedia":[{"embeddable":true,"href":"https:\/\/www.radiopresidenteibanez.cl\/web\/wp-json\/wp\/v2\/media\/64455"}],"wp:attachment":[{"href":"https:\/\/www.radiopresidenteibanez.cl\/web\/wp-json\/wp\/v2\/media?parent=64454"}],"wp:term":[{"taxonomy":"category","embeddable":true,"href":"https:\/\/www.radiopresidenteibanez.cl\/web\/wp-json\/wp\/v2\/categories?post=64454"},{"taxonomy":"post_tag","embeddable":true,"href":"https:\/\/www.radiopresidenteibanez.cl\/web\/wp-json\/wp\/v2\/tags?post=64454"}],"curies":[{"name":"wp","href":"https:\/\/api.w.org\/{rel}","templated":true}]}}