{"id":64440,"date":"2026-04-28T10:48:53","date_gmt":"2026-04-28T13:48:53","guid":{"rendered":"https:\/\/www.radiopresidenteibanez.cl\/web\/?p=64440"},"modified":"2026-04-28T11:28:23","modified_gmt":"2026-04-28T14:28:23","slug":"seremi-de-gobierno-invita-a-las-organizaciones-sociales-a-postulara-sus-representantes-como-consejeros-del-fondo-de-fortalecimiento","status":"publish","type":"post","link":"https:\/\/www.radiopresidenteibanez.cl\/web\/seremi-de-gobierno-invita-a-las-organizaciones-sociales-a-postulara-sus-representantes-como-consejeros-del-fondo-de-fortalecimiento\/","title":{"rendered":"Seremi de Gobierno invita a las organizaciones sociales a postulara sus representantes como consejeros del Fondo de Fortalecimiento"},"content":{"rendered":"\n<p>Las postulaciones para que las organizaciones sociales puedan proponer a sus<br>representantes para integrar el Consejo del Fondo de Fortalecimiento de Organizaciones<br>de Inter\u00e9s P\u00fablico (FFOIP), periodo 2026-2028, se encuentran abiertas para elegir los<br>cargos titulares y suplentes.<br>El seremi de Gobierno, \u00c1ngel Roa, coment\u00f3 que esta es una gran oportunidad para los<br>dirigentes sociales con trayectoria en trabajo comunitario para que representen a sus<br>organizaciones.<br>\u201cEs importante para nosotros que puedan participar, ya que eso les permite aportar a<br>definir prioridades de financiamiento de los proyectos, tener voz en las decisiones del<br>fondo y representar a las organizaciones sociales\u201d, asegur\u00f3 el vocero.<br>Es importante se\u00f1alar a las organizaciones interesadas que deben considerar los<br>siguientes aspectos para postular como consejeros para el FFOIP.<br>Sobre el v\u00ednculo, los candidatos pueden ser socios de la organizaci\u00f3n o poseer una<br>reconocida trayectoria en la dirigencia social. Acerca de la nominaci\u00f3n, las organizaciones<br>deben nominar a sus candidatos mediante elecci\u00f3n directa entre sus socios (o acuerdo de<br>Directorio en caso de fundaciones).<br>Con relaci\u00f3n a la inscripci\u00f3n, se se\u00f1ala que ninguna persona podr\u00e1 integrar<br>simult\u00e1neamente un Consejo Regional y el Consejo Nacional; y finalmente respecto a la<br>inhabilidad, si un consejero electo es parte directa del directorio de una organizaci\u00f3n,<br>dicha organizaci\u00f3n no podr\u00e1 participar en los procesos concursales del FFOIP mientras el<br>consejero est\u00e9 en ejercicio. Esta restricci\u00f3n no aplica si la organizaci\u00f3n solamente<br>patrocin\u00f3 a un candidato externo (con trayectoria) que no forma parte de su estructura<br>directiva.<br>Para que una organizaci\u00f3n pueda inscribir candidatos, debe tener su directorio vigente en<br>el Catastro OIP, por lo que las personas interesadas en participar en esta convocatoria,<br>deben inscribirse en https:\/\/votaciones.msgg.gob.cl\/<\/p>\n","protected":false},"excerpt":{"rendered":"<p>Las postulaciones para que las organizaciones sociales puedan proponer a susrepresentantes para integrar el Consejo del Fondo de Fortalecimiento de Organizacionesde Inter\u00e9s P\u00fablico (FFOIP), periodo 2026-2028, se encuentran abiertas para&#8230; <a class=\"read-more\" href=\"https:\/\/www.radiopresidenteibanez.cl\/web\/seremi-de-gobierno-invita-a-las-organizaciones-sociales-a-postulara-sus-representantes-como-consejeros-del-fondo-de-fortalecimiento\/\">Leer m\u00e1s<\/a><\/p>\n","protected":false},"author":2,"featured_media":64441,"comment_status":"closed","ping_status":"closed","sticky":false,"template":"","format":"standard","meta":{"footnotes":""},"categories":[1],"tags":[],"class_list":["post-64440","post","type-post","status-publish","format-standard","has-post-thumbnail","hentry","category-cronica"],"_links":{"self":[{"href":"https:\/\/www.radiopresidenteibanez.cl\/web\/wp-json\/wp\/v2\/posts\/64440","targetHints":{"allow":["GET"]}}],"collection":[{"href":"https:\/\/www.radiopresidenteibanez.cl\/web\/wp-json\/wp\/v2\/posts"}],"about":[{"href":"https:\/\/www.radiopresidenteibanez.cl\/web\/wp-json\/wp\/v2\/types\/post"}],"author":[{"embeddable":true,"href":"https:\/\/www.radiopresidenteibanez.cl\/web\/wp-json\/wp\/v2\/users\/2"}],"replies":[{"embeddable":true,"href":"https:\/\/www.radiopresidenteibanez.cl\/web\/wp-json\/wp\/v2\/comments?post=64440"}],"version-history":[{"count":1,"href":"https:\/\/www.radiopresidenteibanez.cl\/web\/wp-json\/wp\/v2\/posts\/64440\/revisions"}],"predecessor-version":[{"id":64442,"href":"https:\/\/www.radiopresidenteibanez.cl\/web\/wp-json\/wp\/v2\/posts\/64440\/revisions\/64442"}],"wp:featuredmedia":[{"embeddable":true,"href":"https:\/\/www.radiopresidenteibanez.cl\/web\/wp-json\/wp\/v2\/media\/64441"}],"wp:attachment":[{"href":"https:\/\/www.radiopresidenteibanez.cl\/web\/wp-json\/wp\/v2\/media?parent=64440"}],"wp:term":[{"taxonomy":"category","embeddable":true,"href":"https:\/\/www.radiopresidenteibanez.cl\/web\/wp-json\/wp\/v2\/categories?post=64440"},{"taxonomy":"post_tag","embeddable":true,"href":"https:\/\/www.radiopresidenteibanez.cl\/web\/wp-json\/wp\/v2\/tags?post=64440"}],"curies":[{"name":"wp","href":"https:\/\/api.w.org\/{rel}","templated":true}]}}