{"id":6444,"date":"2019-08-18T13:52:50","date_gmt":"2019-08-18T13:52:50","guid":{"rendered":"http:\/\/www.radiopresidenteibanez.cl\/web\/?p=6444"},"modified":"2019-08-18T13:52:55","modified_gmt":"2019-08-18T13:52:55","slug":"reiteran-solicitud-de-feriado-del-21-de-septiembre-para-magallanes","status":"publish","type":"post","link":"https:\/\/www.radiopresidenteibanez.cl\/web\/reiteran-solicitud-de-feriado-del-21-de-septiembre-para-magallanes\/","title":{"rendered":"REITERAN SOLICITUD DE FERIADO DEL 21 DE SEPTIEMBRE PARA MAGALLANES"},"content":{"rendered":"\n<p>En el transcurso de esta semana, la diputada Sandra Amar solicit\u00f3 nuevamente que el 21 de septiembre sea declarado como d\u00eda feriado en Magallanes.<\/p>\n\n\n\n<p>Lo anterior se realiz\u00f3 mediante un oficio dirigido al Ministerio del Interior en donde se recuerda la importancia que reviste dicha fecha para los habitantes de la regi\u00f3n al conmemorarse la llegada de hombres y mujeres de Chilo\u00e9, el 21 de septiembre de 1843, con el objetivo de ejercer soberan\u00eda chilena en la Patagonia.<\/p>\n\n\n\n<p>\u201cPara nosotros los magall\u00e1nicos esta fecha es muy importante,&nbsp;y considerando el consenso que existe entre los habitantes y parlamentarios de Magallanes y Chilo\u00e9 en establecer como feriado permanente el d\u00eda 21 de septiembre para homenajear como corresponde al pueblo chilote y magall\u00e1nico, quise reiterar esta petici\u00f3n que fue hecha el a\u00f1o pasado y que lamentablemente no fue acogida entonces\u201d, se\u00f1al\u00f3 Amar y agreg\u00f3 que \u201cespero que esta vez s\u00ed seamos escuchados\u201d.<\/p>\n\n\n\n<p>En la misiva la diputada gremialista solicit\u00f3 incorporar a los feriados nacionales permanentes, el d\u00eda 21 de septiembre para la Regi\u00f3n de Magallanes y Ant\u00e1rtica Chilena y las provincias de Chilo\u00e9, entendiendo que a\u00fan no ha sido posible aprobar proyectos de ley y de resoluci\u00f3n sobre la materia.<\/p>\n","protected":false},"excerpt":{"rendered":"<p>En el transcurso de esta semana, la diputada Sandra Amar solicit\u00f3 nuevamente que el 21 de septiembre sea declarado como d\u00eda feriado en Magallanes. Lo anterior se realiz\u00f3 mediante un&#8230; <a class=\"read-more\" href=\"https:\/\/www.radiopresidenteibanez.cl\/web\/reiteran-solicitud-de-feriado-del-21-de-septiembre-para-magallanes\/\">Leer m\u00e1s<\/a><\/p>\n","protected":false},"author":2,"featured_media":3008,"comment_status":"closed","ping_status":"closed","sticky":false,"template":"","format":"standard","meta":{"footnotes":""},"categories":[1],"tags":[],"class_list":["post-6444","post","type-post","status-publish","format-standard","has-post-thumbnail","hentry","category-cronica"],"_links":{"self":[{"href":"https:\/\/www.radiopresidenteibanez.cl\/web\/wp-json\/wp\/v2\/posts\/6444","targetHints":{"allow":["GET"]}}],"collection":[{"href":"https:\/\/www.radiopresidenteibanez.cl\/web\/wp-json\/wp\/v2\/posts"}],"about":[{"href":"https:\/\/www.radiopresidenteibanez.cl\/web\/wp-json\/wp\/v2\/types\/post"}],"author":[{"embeddable":true,"href":"https:\/\/www.radiopresidenteibanez.cl\/web\/wp-json\/wp\/v2\/users\/2"}],"replies":[{"embeddable":true,"href":"https:\/\/www.radiopresidenteibanez.cl\/web\/wp-json\/wp\/v2\/comments?post=6444"}],"version-history":[{"count":0,"href":"https:\/\/www.radiopresidenteibanez.cl\/web\/wp-json\/wp\/v2\/posts\/6444\/revisions"}],"wp:featuredmedia":[{"embeddable":true,"href":"https:\/\/www.radiopresidenteibanez.cl\/web\/wp-json\/wp\/v2\/media\/3008"}],"wp:attachment":[{"href":"https:\/\/www.radiopresidenteibanez.cl\/web\/wp-json\/wp\/v2\/media?parent=6444"}],"wp:term":[{"taxonomy":"category","embeddable":true,"href":"https:\/\/www.radiopresidenteibanez.cl\/web\/wp-json\/wp\/v2\/categories?post=6444"},{"taxonomy":"post_tag","embeddable":true,"href":"https:\/\/www.radiopresidenteibanez.cl\/web\/wp-json\/wp\/v2\/tags?post=6444"}],"curies":[{"name":"wp","href":"https:\/\/api.w.org\/{rel}","templated":true}]}}