{"id":64437,"date":"2026-04-28T10:17:24","date_gmt":"2026-04-28T13:17:24","guid":{"rendered":"https:\/\/www.radiopresidenteibanez.cl\/web\/?p=64437"},"modified":"2026-04-28T10:17:25","modified_gmt":"2026-04-28T13:17:25","slug":"profesionales-de-reinsercion-social-juvenil-apoyan-a-estudiantes-que-se-forman-como-mediadores-escolares","status":"publish","type":"post","link":"https:\/\/www.radiopresidenteibanez.cl\/web\/profesionales-de-reinsercion-social-juvenil-apoyan-a-estudiantes-que-se-forman-como-mediadores-escolares\/","title":{"rendered":"PROFESIONALES DE REINSERCI\u00d3N SOCIAL JUVENIL APOYAN A ESTUDIANTES QUE SE FORMAN COMO MEDIADORES ESCOLARES\u00a0"},"content":{"rendered":"\n<p>En el marco&nbsp;del convenio vigente de colaboraci\u00f3n en Convivencia y Mediaci\u00f3n Escolar, suscrito entre la Secretar\u00eda Regional Ministerial de Educaci\u00f3n, la Universidad de Magallanes y la Corporaci\u00f3n de Asistencia Judicial, se est\u00e1 desarrollando un ciclo de talleres para formaci\u00f3n de Mediadores Escolares orientados a entregar herramientas de mediaci\u00f3n y de di\u00e1logo que permita a los mismos estudiantes resolver sus conflictos, como una oportunidad de aprendizaje y de di\u00e1logo.<\/p>\n\n\n\n<p>Esta iniciativa busca apoyar a los establecimientos educacionales de la regi\u00f3n en materias de convivencia y mediaci\u00f3n escolar, trabajo que se ha desarrollado desde hace m\u00e1s de 12 a\u00f1os.<\/p>\n\n\n\n<p>As\u00ed lo destac\u00f3 la&nbsp;<strong>jefa del Departamento de Educaci\u00f3n de la Seremi del ramo, Myriam Pino<\/strong>, \u201cesta iniciativa busca entregar herramientas de promoci\u00f3n de buena y sana convivencia, junto con la prevenci\u00f3n de la violencia escolar a trav\u00e9s de la generaci\u00f3n de capacitaciones. Por su relevancia desde la responsabilidad juvenil sobre los actos que incurren en infracci\u00f3n de la ley, se incorpor\u00f3 el Servicio de Reinserci\u00f3n Social Juvenil al trabajo intersectorial. El objetivo final de esta estrategia es lograr la certificaci\u00f3n en mediaci\u00f3n escolar a fin de que los estudiantes sean quienes lideren los procesos de mediaci\u00f3n, guiados siempre por un adulto responsable y as\u00ed contribuir en construcci\u00f3n de ambientes educativos respetuosos, tolerantes y emp\u00e1ticos\u201d, dijo.<\/p>\n\n\n\n<p><strong>Trabajo preventivo desde lo penal<\/strong><\/p>\n\n\n\n<p>En esta ocasi\u00f3n, la exposici\u00f3n del Servicio de Reinserci\u00f3n Social Juvenil de Magallanes estuvo centrada en estudiantes de 1ro y 2do medio de establecimientos particulares subvencionados de la comuna de Punta Arenas y prontamente se repetir\u00e1 la actividad con establecimientos p\u00fablicos de Porvenir.<\/p>\n\n\n\n<p>En este contexto, profesionales de la Unidad de Coordinaci\u00f3n Judicial compuesto por el Abogado Octavio Villarroel, la Mediadora Penal Juvenil Sindy Hechenleitner y Diego Subiabre, profesional de postegreso participaron en este taller, informando de la Ley de Responsabilidad Penal Adolescente N\u00b020.084 y visibilizando las consecuencias que pueden surgir cuando los conflictos no son abordados de manera oportuna o temprana relevando a la mediaci\u00f3n como una herramienta preventiva y formativa.&nbsp;&nbsp;<\/p>\n\n\n\n<p>\u201cLa exposici\u00f3n incluy\u00f3 detalles de los delitos y hechos que revisten gravedad que, de acuerdo a la Ley, son considerados delitos para j\u00f3venes entre los 14 y los 17 a\u00f1os 11 meses y 30 d\u00edas. Adicionalmente, se instruy\u00f3 a los estudiantes respecto a la mediaci\u00f3n penal juvenil como herramienta preventiva, procedimiento que permite intervenir a tiempo en casos espec\u00edficos de conflictos, mediante la b\u00fasqueda de acuerdos entre v\u00edctima y adolescente, que garanticen la reparaci\u00f3n del da\u00f1o, trabajo que est\u00e1 llevando adelante el Servicio de Reinserci\u00f3n Social Juvenil\u201d se\u00f1al\u00f3 la&nbsp;<strong>Mediadora Penal Juvenil Sindy Hechenleitner.<\/strong><\/p>\n","protected":false},"excerpt":{"rendered":"<p>En el marco&nbsp;del convenio vigente de colaboraci\u00f3n en Convivencia y Mediaci\u00f3n Escolar, suscrito entre la Secretar\u00eda Regional Ministerial de Educaci\u00f3n, la Universidad de Magallanes y la Corporaci\u00f3n de Asistencia Judicial,&#8230; <a class=\"read-more\" href=\"https:\/\/www.radiopresidenteibanez.cl\/web\/profesionales-de-reinsercion-social-juvenil-apoyan-a-estudiantes-que-se-forman-como-mediadores-escolares\/\">Leer m\u00e1s<\/a><\/p>\n","protected":false},"author":2,"featured_media":64438,"comment_status":"closed","ping_status":"closed","sticky":false,"template":"","format":"standard","meta":{"footnotes":""},"categories":[1],"tags":[],"class_list":["post-64437","post","type-post","status-publish","format-standard","has-post-thumbnail","hentry","category-cronica"],"_links":{"self":[{"href":"https:\/\/www.radiopresidenteibanez.cl\/web\/wp-json\/wp\/v2\/posts\/64437","targetHints":{"allow":["GET"]}}],"collection":[{"href":"https:\/\/www.radiopresidenteibanez.cl\/web\/wp-json\/wp\/v2\/posts"}],"about":[{"href":"https:\/\/www.radiopresidenteibanez.cl\/web\/wp-json\/wp\/v2\/types\/post"}],"author":[{"embeddable":true,"href":"https:\/\/www.radiopresidenteibanez.cl\/web\/wp-json\/wp\/v2\/users\/2"}],"replies":[{"embeddable":true,"href":"https:\/\/www.radiopresidenteibanez.cl\/web\/wp-json\/wp\/v2\/comments?post=64437"}],"version-history":[{"count":1,"href":"https:\/\/www.radiopresidenteibanez.cl\/web\/wp-json\/wp\/v2\/posts\/64437\/revisions"}],"predecessor-version":[{"id":64439,"href":"https:\/\/www.radiopresidenteibanez.cl\/web\/wp-json\/wp\/v2\/posts\/64437\/revisions\/64439"}],"wp:featuredmedia":[{"embeddable":true,"href":"https:\/\/www.radiopresidenteibanez.cl\/web\/wp-json\/wp\/v2\/media\/64438"}],"wp:attachment":[{"href":"https:\/\/www.radiopresidenteibanez.cl\/web\/wp-json\/wp\/v2\/media?parent=64437"}],"wp:term":[{"taxonomy":"category","embeddable":true,"href":"https:\/\/www.radiopresidenteibanez.cl\/web\/wp-json\/wp\/v2\/categories?post=64437"},{"taxonomy":"post_tag","embeddable":true,"href":"https:\/\/www.radiopresidenteibanez.cl\/web\/wp-json\/wp\/v2\/tags?post=64437"}],"curies":[{"name":"wp","href":"https:\/\/api.w.org\/{rel}","templated":true}]}}