{"id":64432,"date":"2026-04-28T09:39:00","date_gmt":"2026-04-28T12:39:00","guid":{"rendered":"https:\/\/www.radiopresidenteibanez.cl\/web\/?p=64432"},"modified":"2026-04-28T08:42:03","modified_gmt":"2026-04-28T11:42:03","slug":"sernameg-se-querella-por-femicidio-tentado-ocurrido-en-punta-arenas","status":"publish","type":"post","link":"https:\/\/www.radiopresidenteibanez.cl\/web\/sernameg-se-querella-por-femicidio-tentado-ocurrido-en-punta-arenas\/","title":{"rendered":"SernamEG se querella por femicidio tentado ocurrido en Punta Arenas"},"content":{"rendered":"\n<p>Este lunes la direcci\u00f3n regional del Servicio Nacional de la Mujer y la Equidad de<br>G\u00e9nero (SernamEG) en Magallanes interpuso una querella por femicidio \u00edntimo en<br>grado de tentado por hechos registrados este fin de semana en la comuna de Punta<br>Arenas.<br>La directora regional del Servicio, Pamela Leiva Burgos, declar\u00f3 que conocido el<br>caso se activ\u00f3 la Subcomisi\u00f3n de Coordinaci\u00f3n Intersectorial de Femicidios, tomando<br>contacto con la v\u00edctima de manera oportuna. \u201cPusimos a su disposici\u00f3n la atenci\u00f3n<br>jur\u00eddica y psicosocial, la que fue aceptada y ya se deriv\u00f3 para acompa\u00f1amiento por<br>parte de las profesionales de nuestro equipo territorial. En cuanto a lo judicial, este<br>mismo lunes interpusimos una querella desde la direcci\u00f3n regional por el delito de<br>femicidio tentado\u201d, agreg\u00f3 la autoridad.<br>En la jornada adem\u00e1s, se efectu\u00f3 el control de detenci\u00f3n del agresor en el Tribunal<br>de Garant\u00eda de Punta Arenas, audiencia en la cual SernamEG actu\u00f3 como<br>querellante en representaci\u00f3n de la v\u00edctima, y en donde a solicitud del Servicio y del<br>Ministerio P\u00fablico se decret\u00f3 su prisi\u00f3n preventiva, fij\u00e1ndose 60 d\u00edas como plazo<br>para la investigaci\u00f3n.<br>\u201cReiteramos nuestro rechazo categ\u00f3rico a cualquier hecho de violencia grave o<br>extrema, que atente contra la vida de una mujer. Tenemos la confianza que este<br>caso llegar\u00e1 a una condena con la m\u00e1xima pena posible. Como sociedad, es<br>importante que estos delitos no queden impunes\u00bb, manifest\u00f3 Leiva Burgos.<br>Cabe se\u00f1alar que el SernamEG cuenta en la regi\u00f3n con Centros de las Mujeres en<br>las comunas de Punta Arenas, Porvenir y Puerto Natales, los que brindan atenci\u00f3n<br>psicol\u00f3gica, social y jur\u00eddica gratuita a v\u00edctimas y sobrevivientes de violencia.<br>Adem\u00e1s, el n\u00famero 1455 SernamEG Te Orienta est\u00e1 disponible de lunes a domingo,<br>incluyendo festivos, de 08 a 24 horas, para entregar orientaci\u00f3n e informaci\u00f3n en<br>materias de violencias de g\u00e9nero.<\/p>\n","protected":false},"excerpt":{"rendered":"<p>Este lunes la direcci\u00f3n regional del Servicio Nacional de la Mujer y la Equidad deG\u00e9nero (SernamEG) en Magallanes interpuso una querella por femicidio \u00edntimo engrado de tentado por hechos registrados&#8230; <a class=\"read-more\" href=\"https:\/\/www.radiopresidenteibanez.cl\/web\/sernameg-se-querella-por-femicidio-tentado-ocurrido-en-punta-arenas\/\">Leer m\u00e1s<\/a><\/p>\n","protected":false},"author":2,"featured_media":64433,"comment_status":"closed","ping_status":"closed","sticky":false,"template":"","format":"standard","meta":{"footnotes":""},"categories":[1],"tags":[],"class_list":["post-64432","post","type-post","status-publish","format-standard","has-post-thumbnail","hentry","category-cronica"],"_links":{"self":[{"href":"https:\/\/www.radiopresidenteibanez.cl\/web\/wp-json\/wp\/v2\/posts\/64432","targetHints":{"allow":["GET"]}}],"collection":[{"href":"https:\/\/www.radiopresidenteibanez.cl\/web\/wp-json\/wp\/v2\/posts"}],"about":[{"href":"https:\/\/www.radiopresidenteibanez.cl\/web\/wp-json\/wp\/v2\/types\/post"}],"author":[{"embeddable":true,"href":"https:\/\/www.radiopresidenteibanez.cl\/web\/wp-json\/wp\/v2\/users\/2"}],"replies":[{"embeddable":true,"href":"https:\/\/www.radiopresidenteibanez.cl\/web\/wp-json\/wp\/v2\/comments?post=64432"}],"version-history":[{"count":1,"href":"https:\/\/www.radiopresidenteibanez.cl\/web\/wp-json\/wp\/v2\/posts\/64432\/revisions"}],"predecessor-version":[{"id":64434,"href":"https:\/\/www.radiopresidenteibanez.cl\/web\/wp-json\/wp\/v2\/posts\/64432\/revisions\/64434"}],"wp:featuredmedia":[{"embeddable":true,"href":"https:\/\/www.radiopresidenteibanez.cl\/web\/wp-json\/wp\/v2\/media\/64433"}],"wp:attachment":[{"href":"https:\/\/www.radiopresidenteibanez.cl\/web\/wp-json\/wp\/v2\/media?parent=64432"}],"wp:term":[{"taxonomy":"category","embeddable":true,"href":"https:\/\/www.radiopresidenteibanez.cl\/web\/wp-json\/wp\/v2\/categories?post=64432"},{"taxonomy":"post_tag","embeddable":true,"href":"https:\/\/www.radiopresidenteibanez.cl\/web\/wp-json\/wp\/v2\/tags?post=64432"}],"curies":[{"name":"wp","href":"https:\/\/api.w.org\/{rel}","templated":true}]}}