{"id":64429,"date":"2026-04-28T08:15:26","date_gmt":"2026-04-28T11:15:26","guid":{"rendered":"https:\/\/www.radiopresidenteibanez.cl\/web\/?p=64429"},"modified":"2026-04-28T08:15:27","modified_gmt":"2026-04-28T11:15:27","slug":"delegacion-presidencial-impulsa-exitosa-jornada-extraordinaria-de-atencion-en-porvenir","status":"publish","type":"post","link":"https:\/\/www.radiopresidenteibanez.cl\/web\/delegacion-presidencial-impulsa-exitosa-jornada-extraordinaria-de-atencion-en-porvenir\/","title":{"rendered":"Delegaci\u00f3n Presidencial impulsa exitosa jornada extraordinaria de atenci\u00f3n en Porvenir"},"content":{"rendered":"\n<p>Una exitosa jornada extraordinaria de atenci\u00f3n realiz\u00f3 la Delegaci\u00f3n Presidencial Provincial de<br>Tierra del Fuego este s\u00e1bado 25 de abril en Porvenir, instancia que permiti\u00f3 a cerca de un<br>centenar de vecinos acceder a tr\u00e1mites clave para la conectividad de la provincia.<br>Durante la actividad, las y los usuarios pudieron gestionar solicitudes y renovaciones de<br>credenciales de residencia, adem\u00e1s de la entrega de tickets mar\u00edtimos, servicios altamente<br>demandados por la comunidad.<br>La iniciativa fue especialmente valorada por quienes, debido a sus jornadas laborales o por<br>desempe\u00f1arse fuera de la ciudad, enfrentan dificultades para realizar estos tr\u00e1mites en d\u00edas<br>h\u00e1biles.<br>En total, se entregaron 98 tickets mar\u00edtimos y se concretaron m\u00e1s de 92 atenciones presenciales<br>en dependencias de la Delegaci\u00f3n.<br>La delegada, Margarita Norambuena Caviedes evalu\u00f3 positivamente el resultado, e indic\u00f3 que se<br>est\u00e1 planificando una nueva jornada de extensi\u00f3n horaria en mayo.<\/p>\n","protected":false},"excerpt":{"rendered":"<p>Una exitosa jornada extraordinaria de atenci\u00f3n realiz\u00f3 la Delegaci\u00f3n Presidencial Provincial deTierra del Fuego este s\u00e1bado 25 de abril en Porvenir, instancia que permiti\u00f3 a cerca de uncentenar de vecinos&#8230; <a class=\"read-more\" href=\"https:\/\/www.radiopresidenteibanez.cl\/web\/delegacion-presidencial-impulsa-exitosa-jornada-extraordinaria-de-atencion-en-porvenir\/\">Leer m\u00e1s<\/a><\/p>\n","protected":false},"author":2,"featured_media":64430,"comment_status":"closed","ping_status":"closed","sticky":false,"template":"","format":"standard","meta":{"footnotes":""},"categories":[1],"tags":[],"class_list":["post-64429","post","type-post","status-publish","format-standard","has-post-thumbnail","hentry","category-cronica"],"_links":{"self":[{"href":"https:\/\/www.radiopresidenteibanez.cl\/web\/wp-json\/wp\/v2\/posts\/64429","targetHints":{"allow":["GET"]}}],"collection":[{"href":"https:\/\/www.radiopresidenteibanez.cl\/web\/wp-json\/wp\/v2\/posts"}],"about":[{"href":"https:\/\/www.radiopresidenteibanez.cl\/web\/wp-json\/wp\/v2\/types\/post"}],"author":[{"embeddable":true,"href":"https:\/\/www.radiopresidenteibanez.cl\/web\/wp-json\/wp\/v2\/users\/2"}],"replies":[{"embeddable":true,"href":"https:\/\/www.radiopresidenteibanez.cl\/web\/wp-json\/wp\/v2\/comments?post=64429"}],"version-history":[{"count":1,"href":"https:\/\/www.radiopresidenteibanez.cl\/web\/wp-json\/wp\/v2\/posts\/64429\/revisions"}],"predecessor-version":[{"id":64431,"href":"https:\/\/www.radiopresidenteibanez.cl\/web\/wp-json\/wp\/v2\/posts\/64429\/revisions\/64431"}],"wp:featuredmedia":[{"embeddable":true,"href":"https:\/\/www.radiopresidenteibanez.cl\/web\/wp-json\/wp\/v2\/media\/64430"}],"wp:attachment":[{"href":"https:\/\/www.radiopresidenteibanez.cl\/web\/wp-json\/wp\/v2\/media?parent=64429"}],"wp:term":[{"taxonomy":"category","embeddable":true,"href":"https:\/\/www.radiopresidenteibanez.cl\/web\/wp-json\/wp\/v2\/categories?post=64429"},{"taxonomy":"post_tag","embeddable":true,"href":"https:\/\/www.radiopresidenteibanez.cl\/web\/wp-json\/wp\/v2\/tags?post=64429"}],"curies":[{"name":"wp","href":"https:\/\/api.w.org\/{rel}","templated":true}]}}