{"id":64419,"date":"2026-04-27T19:58:00","date_gmt":"2026-04-27T22:58:00","guid":{"rendered":"https:\/\/www.radiopresidenteibanez.cl\/web\/?p=64419"},"modified":"2026-04-27T11:59:32","modified_gmt":"2026-04-27T14:59:32","slug":"estudiantes-de-santo-tomas-punta-arenas-conmemoran-el-dia-dellibro-con-obra-teatral-y-musical-en-jardin-infantil-cone","status":"publish","type":"post","link":"https:\/\/www.radiopresidenteibanez.cl\/web\/estudiantes-de-santo-tomas-punta-arenas-conmemoran-el-dia-dellibro-con-obra-teatral-y-musical-en-jardin-infantil-cone\/","title":{"rendered":"Estudiantes de Santo Tom\u00e1s Punta Arenas conmemoran el D\u00eda delLibro con obra teatral y musical en jard\u00edn infantil Con\u00e9"},"content":{"rendered":"\n<p>En el marco del D\u00eda Internacional del Libro y Derecho de Autor, las estudiantes del<br>segundo a\u00f1o de la carrera de T\u00e9cnico en P\u00e1rvulo, primero y segundo b\u00e1sico de<br>Santo Tom\u00e1s, realizaron una jornada para los ni\u00f1os del jard\u00edn infantil Con\u00e9,<br>ubicado en Otto Maggens #0421.<br>Este evento se llev\u00f3 a cabo por el contacto previo entre ambas instituciones para<br>otras actividades con la carrera. \u201cA\u00f1os anteriores ya hab\u00edamos tenido actividades<br>con estudiantes de la carrera de T\u00e9cnico en P\u00e1rvulo de Santo Tom\u00e1s. Bajo el<br>mismo nexo, se volvi\u00f3 a retomar el contacto y se solicit\u00f3 esta visita para el d\u00eda de<br>hoy. Esto en beneficio de los ni\u00f1os, y que puedan ver otro tipo de formas de<br>expresar un cuento. Estuvimos todo el mes trabajando cuentos, autores, autores<br>chilenos, reforzando todo este mundo de literatura, y nos faltaba un cierre para<br>darle un broche especial, m\u00e1s l\u00fadico y concreto\u201d, explic\u00f3 Francesca Crocco,<br>directora de la sala cuna y jard\u00edn infantil Con\u00e9.<br>Asimismo, la directora agreg\u00f3 que \u201clos ni\u00f1os recibieron muy bien al grupo, ninguno<br>llor\u00f3, ninguno se asust\u00f3. Estaban muy entusiasmados, porque en el fondo se<br>presentaron personajes que ellos ya conocen. Agradecer a todas las estudiantes y<br>a su jefa de carrera, y a Santo Tom\u00e1s porque hicieron posible esta actividad\u201d.<br>Por otro lado, para las estudiantes tuvo un valor significativo para su formaci\u00f3n<br>\u201cpara nosotras es un agrado poder disfrutar y aprovechar estas circunstancias,<br>que nos permiten trabajar con jardines infantiles. Estas son buenas oportunidades,<br>para poder enfocarnos en nuestro progreso en esta \u00e1rea\u201d, asever\u00f3 Victoria Vera<br>C\u00e1rdenas. Asimismo, Daniela Huaiqu\u00edn, manifest\u00f3 que \u201cfue una invitaci\u00f3n super<br>linda, ya que nos estamos preparando para nuestro campo laboral y nos acerca de<br>una forma m\u00e1s afectiva con los ni\u00f1os, poder conocer y vivir las experiencias que<br>estamos cerca de cumplir\u201d.<br>Finalmente, la jefa de carrera, Fabiola Villegas, recalc\u00f3 que la actividad es parte<br>del trabajo de vinculaci\u00f3n con el medio, y que tiene que ver con la asignatura de<br>Comunicaci\u00f3n Integral. \u201cNuestras estudiantes prepararon una obra de Shrek y un<br>musical del perro Chocolo. Estas iniciativas para nuestra instituci\u00f3n son muy<br>relevantes porque son parte de una pol\u00edtica, acercan a las estudiantes al mundo<br>real, y tambi\u00e9n les permite desarrollar habilidades y competencias para su perfil de<br>egreso\u201d, culmin\u00f3.<\/p>\n","protected":false},"excerpt":{"rendered":"<p>En el marco del D\u00eda Internacional del Libro y Derecho de Autor, las estudiantes delsegundo a\u00f1o de la carrera de T\u00e9cnico en P\u00e1rvulo, primero y segundo b\u00e1sico deSanto Tom\u00e1s, realizaron&#8230; <a class=\"read-more\" href=\"https:\/\/www.radiopresidenteibanez.cl\/web\/estudiantes-de-santo-tomas-punta-arenas-conmemoran-el-dia-dellibro-con-obra-teatral-y-musical-en-jardin-infantil-cone\/\">Leer m\u00e1s<\/a><\/p>\n","protected":false},"author":2,"featured_media":64420,"comment_status":"closed","ping_status":"closed","sticky":false,"template":"","format":"standard","meta":{"footnotes":""},"categories":[1],"tags":[],"class_list":["post-64419","post","type-post","status-publish","format-standard","has-post-thumbnail","hentry","category-cronica"],"_links":{"self":[{"href":"https:\/\/www.radiopresidenteibanez.cl\/web\/wp-json\/wp\/v2\/posts\/64419","targetHints":{"allow":["GET"]}}],"collection":[{"href":"https:\/\/www.radiopresidenteibanez.cl\/web\/wp-json\/wp\/v2\/posts"}],"about":[{"href":"https:\/\/www.radiopresidenteibanez.cl\/web\/wp-json\/wp\/v2\/types\/post"}],"author":[{"embeddable":true,"href":"https:\/\/www.radiopresidenteibanez.cl\/web\/wp-json\/wp\/v2\/users\/2"}],"replies":[{"embeddable":true,"href":"https:\/\/www.radiopresidenteibanez.cl\/web\/wp-json\/wp\/v2\/comments?post=64419"}],"version-history":[{"count":1,"href":"https:\/\/www.radiopresidenteibanez.cl\/web\/wp-json\/wp\/v2\/posts\/64419\/revisions"}],"predecessor-version":[{"id":64421,"href":"https:\/\/www.radiopresidenteibanez.cl\/web\/wp-json\/wp\/v2\/posts\/64419\/revisions\/64421"}],"wp:featuredmedia":[{"embeddable":true,"href":"https:\/\/www.radiopresidenteibanez.cl\/web\/wp-json\/wp\/v2\/media\/64420"}],"wp:attachment":[{"href":"https:\/\/www.radiopresidenteibanez.cl\/web\/wp-json\/wp\/v2\/media?parent=64419"}],"wp:term":[{"taxonomy":"category","embeddable":true,"href":"https:\/\/www.radiopresidenteibanez.cl\/web\/wp-json\/wp\/v2\/categories?post=64419"},{"taxonomy":"post_tag","embeddable":true,"href":"https:\/\/www.radiopresidenteibanez.cl\/web\/wp-json\/wp\/v2\/tags?post=64419"}],"curies":[{"name":"wp","href":"https:\/\/api.w.org\/{rel}","templated":true}]}}