{"id":64416,"date":"2026-04-27T18:17:00","date_gmt":"2026-04-27T21:17:00","guid":{"rendered":"https:\/\/www.radiopresidenteibanez.cl\/web\/?p=64416"},"modified":"2026-04-27T11:46:56","modified_gmt":"2026-04-27T14:46:56","slug":"mercados-campesinos-consolidan-su-exito-en-magallanes-y-fortalecen-el-vinculo-entre-campo-y-ciudad","status":"publish","type":"post","link":"https:\/\/www.radiopresidenteibanez.cl\/web\/mercados-campesinos-consolidan-su-exito-en-magallanes-y-fortalecen-el-vinculo-entre-campo-y-ciudad\/","title":{"rendered":"Mercados Campesinos consolidan su \u00e9xito en Magallanes y fortalecen el v\u00ednculo entre campo y ciudad"},"content":{"rendered":"\n<p>Con productos frescos, identidad local y una creciente valoraci\u00f3n por parte de la comunidad, los Mercados Campesinos desplegados en la regi\u00f3n de Magallanes cierran una temporada marcada por el \u00e9xito. M\u00e1s que puntos de venta, se han consolidado como espacios vivos donde la agricultura familiar campesina conecta directamente con la ciudad.<\/p>\n\n\n\n<p>Este martes, el director regional (s) de INDAP, Petar Bradasic, visit\u00f3 la Galer\u00eda Palace, en pleno centro de Punta Arenas, para compartir con las y los usuarios que cada martes y viernes ofrecen sus productos directamente al p\u00fablico, valorando en terreno el respaldo de la comunidad.<\/p>\n\n\n\n<p>Ubicada en un tradicional barrio patrimonial, la Galer\u00eda Palace forma parte de la historia comercial de la ciudad. Sus pasillos han acompa\u00f1ado por d\u00e9cadas el movimiento del centro y hoy recuperan su sentido como punto de encuentro, abriendo espacio a iniciativas que fortalecen la econom\u00eda local y el consumo consciente.<\/p>\n\n\n\n<p>\u201cEsta temporada confirma algo muy claro: cuando acercamos el campo a la ciudad, pasan cosas buenas. Aqu\u00ed hay productos frescos, pero tambi\u00e9n hay historia, esfuerzo y futuro. La respuesta de la comunidad ha sido potente, y eso nos impulsa a seguir fortaleciendo estos espacios, por eso agradecemos a la administraci\u00f3n del reciento que ha confiado en nosotros\u201d, se\u00f1al\u00f3 Bradasic.<\/p>\n\n\n\n<p>Desde la experiencia de quienes producen, el impacto es directo. Juana Vargas, agricultora de Punta Arenas, destaca que \u201ceste espacio nos cambia la vida. No solo vendemos, mostramos lo que somos capaces de hacer en esta tierra. La gente lo reconoce, valora la frescura y vuelve. Eso nos da fuerza para seguir y estamos en un lugar c\u00f3modo\u201d.<\/p>\n\n\n\n<p>Ana Mancilla, tambi\u00e9n agricultora, releva el valor de la cercan\u00eda con el p\u00fablico. \u201cAqu\u00ed no hay intermediarios. Lo que traemos est\u00e1 reci\u00e9n cosechado, es de calidad y tiene nuestro sello. La comunidad lo entiende as\u00ed y responde. Se genera confianza, y esa confianza es la base de todo\u201d.<\/p>\n\n\n\n<p>Durante la jornada, se evidenci\u00f3 el constante flujo de personas que llegan hasta la galer\u00eda en busca de productos locales, frescos y con identidad, reafirmando que los Mercados Campesinos no solo dinamizan la econom\u00eda, sino que tambi\u00e9n fortalecen el tejido social.<\/p>\n\n\n\n<p>Porque en Magallanes, la agricultura no solo se adapta. Avanza, se proyecta y encuentra en estos espacios una oportunidad real para crecer junto a su comunidad.<\/p>\n","protected":false},"excerpt":{"rendered":"<p>Con productos frescos, identidad local y una creciente valoraci\u00f3n por parte de la comunidad, los Mercados Campesinos desplegados en la regi\u00f3n de Magallanes cierran una temporada marcada por el \u00e9xito&#8230;. <a class=\"read-more\" href=\"https:\/\/www.radiopresidenteibanez.cl\/web\/mercados-campesinos-consolidan-su-exito-en-magallanes-y-fortalecen-el-vinculo-entre-campo-y-ciudad\/\">Leer m\u00e1s<\/a><\/p>\n","protected":false},"author":2,"featured_media":64417,"comment_status":"closed","ping_status":"closed","sticky":false,"template":"","format":"standard","meta":{"footnotes":""},"categories":[1],"tags":[],"class_list":["post-64416","post","type-post","status-publish","format-standard","has-post-thumbnail","hentry","category-cronica"],"_links":{"self":[{"href":"https:\/\/www.radiopresidenteibanez.cl\/web\/wp-json\/wp\/v2\/posts\/64416","targetHints":{"allow":["GET"]}}],"collection":[{"href":"https:\/\/www.radiopresidenteibanez.cl\/web\/wp-json\/wp\/v2\/posts"}],"about":[{"href":"https:\/\/www.radiopresidenteibanez.cl\/web\/wp-json\/wp\/v2\/types\/post"}],"author":[{"embeddable":true,"href":"https:\/\/www.radiopresidenteibanez.cl\/web\/wp-json\/wp\/v2\/users\/2"}],"replies":[{"embeddable":true,"href":"https:\/\/www.radiopresidenteibanez.cl\/web\/wp-json\/wp\/v2\/comments?post=64416"}],"version-history":[{"count":1,"href":"https:\/\/www.radiopresidenteibanez.cl\/web\/wp-json\/wp\/v2\/posts\/64416\/revisions"}],"predecessor-version":[{"id":64418,"href":"https:\/\/www.radiopresidenteibanez.cl\/web\/wp-json\/wp\/v2\/posts\/64416\/revisions\/64418"}],"wp:featuredmedia":[{"embeddable":true,"href":"https:\/\/www.radiopresidenteibanez.cl\/web\/wp-json\/wp\/v2\/media\/64417"}],"wp:attachment":[{"href":"https:\/\/www.radiopresidenteibanez.cl\/web\/wp-json\/wp\/v2\/media?parent=64416"}],"wp:term":[{"taxonomy":"category","embeddable":true,"href":"https:\/\/www.radiopresidenteibanez.cl\/web\/wp-json\/wp\/v2\/categories?post=64416"},{"taxonomy":"post_tag","embeddable":true,"href":"https:\/\/www.radiopresidenteibanez.cl\/web\/wp-json\/wp\/v2\/tags?post=64416"}],"curies":[{"name":"wp","href":"https:\/\/api.w.org\/{rel}","templated":true}]}}