{"id":6441,"date":"2019-08-18T13:51:17","date_gmt":"2019-08-18T13:51:17","guid":{"rendered":"http:\/\/www.radiopresidenteibanez.cl\/web\/?p=6441"},"modified":"2019-08-18T13:51:22","modified_gmt":"2019-08-18T13:51:22","slug":"punta-arenas-ya-eligio-a-sus-campeones-de-cueca-del-adulto-mayor","status":"publish","type":"post","link":"https:\/\/www.radiopresidenteibanez.cl\/web\/punta-arenas-ya-eligio-a-sus-campeones-de-cueca-del-adulto-mayor\/","title":{"rendered":"PUNTA ARENAS YA ELIGI\u00d3 A SUS CAMPEONES DE CUECA DEL ADULTO MAYOR"},"content":{"rendered":"\n<p>Una jornada de folclore y alegr\u00eda se vivi\u00f3 la tarde del\ns\u00e1bado (17 de agosto), en que se realiz\u00f3 el XVII Campeonato Comunal de Cueca\ndel Adulto Mayor, organizado desde la Direcci\u00f3n de Desarrollo Comunitario de la\nMunicipalidad de Punta Arenas.<\/p>\n\n\n\n<p>En la oportunidad, se eligi\u00f3 a la pareja que representar\u00e1 a\nla regi\u00f3n en el Campeonato Nacional de Tom\u00e9, premio que recay\u00f3 en Lucila Vargas\nMu\u00f1oz y Juan Carlos Vargas D\u00edaz.<\/p>\n\n\n\n<p>\u201cEs la primera vez que nosotros, con mi compa\u00f1ero,\nparticipamos. Nunca antes lo hab\u00edamos hecho. Entonces, para nosotros, era un\ndesaf\u00edo. Nos toc\u00f3 la suerte de que nos hayan elegido y el Campeonato es s\u00faper\nbueno, excelente el nivel\u201d, afirm\u00f3 Lucila Vargas, quien baila cueca hace 20\na\u00f1os.<\/p>\n\n\n\n<p>Por su parte, Juan Carlos Vargas, destac\u00f3 que se realicen\nestas actividades para los adultos mayores. \u201cAs\u00ed hacen que la gente participe y\nojal\u00e1 se animen m\u00e1s parejas, que no sean solamente tres, sino que fueran mucho\nm\u00e1s. Eso es lo ideal\u201d, indic\u00f3.<\/p>\n\n\n\n<p>Finalmente, la directora de Desarrollo Comunitario, Elena\nBlackwood, destac\u00f3 la jornada que cont\u00f3 con un buen marco de p\u00fablico. \u201cHemos\npodido participar de una tarde muy folcl\u00f3rica y entretenida, especialmente\ndirigida a los adultos mayores. Y lo m\u00e1s importante es la motivaci\u00f3n con la que\nparticipan en esta actividad\u201d, puntualiz\u00f3. <\/p>\n\n\n\n<p>En la oportunidad, tambi\u00e9n se premi\u00f3 al segundo lugar,\npremio que recay\u00f3 en la pareja compuesta por Sof\u00eda Contreras Guerrero y Pl\u00e1cido\nOrtega Garrido; y a la reina de la Cueca, donde se premi\u00f3 a Genoveva Moraga\nGaete.&nbsp; <\/p>\n","protected":false},"excerpt":{"rendered":"<p>Una jornada de folclore y alegr\u00eda se vivi\u00f3 la tarde del s\u00e1bado (17 de agosto), en que se realiz\u00f3 el XVII Campeonato Comunal de Cueca del Adulto Mayor, organizado desde&#8230; <a class=\"read-more\" href=\"https:\/\/www.radiopresidenteibanez.cl\/web\/punta-arenas-ya-eligio-a-sus-campeones-de-cueca-del-adulto-mayor\/\">Leer m\u00e1s<\/a><\/p>\n","protected":false},"author":2,"featured_media":6442,"comment_status":"closed","ping_status":"closed","sticky":false,"template":"","format":"standard","meta":{"footnotes":""},"categories":[1],"tags":[],"class_list":["post-6441","post","type-post","status-publish","format-standard","has-post-thumbnail","hentry","category-cronica"],"_links":{"self":[{"href":"https:\/\/www.radiopresidenteibanez.cl\/web\/wp-json\/wp\/v2\/posts\/6441","targetHints":{"allow":["GET"]}}],"collection":[{"href":"https:\/\/www.radiopresidenteibanez.cl\/web\/wp-json\/wp\/v2\/posts"}],"about":[{"href":"https:\/\/www.radiopresidenteibanez.cl\/web\/wp-json\/wp\/v2\/types\/post"}],"author":[{"embeddable":true,"href":"https:\/\/www.radiopresidenteibanez.cl\/web\/wp-json\/wp\/v2\/users\/2"}],"replies":[{"embeddable":true,"href":"https:\/\/www.radiopresidenteibanez.cl\/web\/wp-json\/wp\/v2\/comments?post=6441"}],"version-history":[{"count":0,"href":"https:\/\/www.radiopresidenteibanez.cl\/web\/wp-json\/wp\/v2\/posts\/6441\/revisions"}],"wp:featuredmedia":[{"embeddable":true,"href":"https:\/\/www.radiopresidenteibanez.cl\/web\/wp-json\/wp\/v2\/media\/6442"}],"wp:attachment":[{"href":"https:\/\/www.radiopresidenteibanez.cl\/web\/wp-json\/wp\/v2\/media?parent=6441"}],"wp:term":[{"taxonomy":"category","embeddable":true,"href":"https:\/\/www.radiopresidenteibanez.cl\/web\/wp-json\/wp\/v2\/categories?post=6441"},{"taxonomy":"post_tag","embeddable":true,"href":"https:\/\/www.radiopresidenteibanez.cl\/web\/wp-json\/wp\/v2\/tags?post=6441"}],"curies":[{"name":"wp","href":"https:\/\/api.w.org\/{rel}","templated":true}]}}