{"id":64404,"date":"2026-04-27T16:49:00","date_gmt":"2026-04-27T19:49:00","guid":{"rendered":"https:\/\/www.radiopresidenteibanez.cl\/web\/?p=64404"},"modified":"2026-04-27T10:41:20","modified_gmt":"2026-04-27T13:41:20","slug":"magallanes-apuesta-por-la-cadena-de-valor-del-hidrogeno-verde-con-foco-en-innovacion-y-seguridad","status":"publish","type":"post","link":"https:\/\/www.radiopresidenteibanez.cl\/web\/magallanes-apuesta-por-la-cadena-de-valor-del-hidrogeno-verde-con-foco-en-innovacion-y-seguridad\/","title":{"rendered":"Magallanes apuesta por la cadena de valor del hidr\u00f3geno verde con foco en innovaci\u00f3n y seguridad"},"content":{"rendered":"\n<p>Con la clase inaugural \u201cVentajas competitivas de Chile para producir hidr\u00f3geno verde\u201d, a cargo del Dr. Humberto Vidal, director del Centro de Estudio de los Recursos Energ\u00e9ticos (CERE) de la Universidad de Magallanes, se dio el vamos al programa de formaci\u00f3n te\u00f3rico-pr\u00e1ctico \u201cCadena de valor del hidr\u00f3geno verde y derivados en ambiente seguro y sostenible para el emprendimiento regional\u201d, instancia que reuni\u00f3 a m\u00e1s de 40 estudiantes, adem\u00e1s de autoridades regionales y acad\u00e9micas.<\/p>\n\n\n\n<p>El curso, parte del programa Viraliza de CORFO Magallanes y ejecutado por CERE-UMAG en alianza con la Universidad Cat\u00f3lica de la Sant\u00edsima Concepci\u00f3n, busca reforzar el entorno y la cultura E+I (Emprendimiento e Innovaci\u00f3n) del territorio, validando y promoviendo la opci\u00f3n de emprender, adem\u00e1s del uso de la innovaci\u00f3n como herramienta id\u00f3nea para el desarrollo econ\u00f3mico y social.<\/p>\n\n\n\n<p>El centro de estudios de la Facultad de Ingenier\u00eda UMAG dicta el curso luego de adjudicarse por segunda vez la categor\u00eda de \u201cFormaci\u00f3n para el emprendimiento y la innovaci\u00f3n\u201d, que permite a sus participantes optar a becas de hasta el 100% de cobertura.<\/p>\n\n\n\n<p>El curso est\u00e1 dirigido a emprendedores de base tecnol\u00f3gica asociados a la cadena de valor del hidr\u00f3geno renovable; ingenieros mec\u00e1nicos y qu\u00edmicos que desean optar a la certificaci\u00f3n de Instalador de Gas Clase 5; profesionales, t\u00e9cnicos y estudiantes de \u00faltimos a\u00f1os de carreras afines que busquen en un futuro emprender en el desarrollo de estas tecnolog\u00edas.<\/p>\n\n\n\n<p>El programa se basa en cuatro m\u00f3dulos que abordan tem\u00e1ticas esenciales para entender los procesos de producci\u00f3n electrol\u00edtica del hidr\u00f3geno, a partir de agua y energ\u00eda renovable, su almacenamiento, su transporte y distribuci\u00f3n y uso final en celdas de combustible y derivados. En esta oportunidad el \u00e9nfasis estar\u00e1 dado en las condiciones de sostenibilidad ambiental que deben manejar los proyectos y, sobre todo, en la seguridad de las instalaciones, derivando en procesos innovadores que permitan cumplir de mejor manera la normativa vigente.<\/p>\n\n\n\n<p>Sobre el lanzamiento de este programa, el director subrogante de CORFO Magallanes, Oscar Strauch, destac\u00f3 que \u201ca trav\u00e9s de estos cursos buscamos desencadenar los procesos de emprendimiento y de innovaci\u00f3n en las empresas. Queremos que en el futuro sean emprendedores y formen nuevas empresas para poder fortalecer la cadena de valor. En este caso hablamos de cadena de valor de hidr\u00f3geno, pero tambi\u00e9n agregamos aspectos de seguridad y sostenibilidad, que son muy relevantes a considerar en estos tiempos\u201d.<\/p>\n\n\n\n<p>La autoridad regional agreg\u00f3 que \u201clo importante es que sepan las oportunidades de esta industria existen, van a seguir existiendo y debemos actuar de manera concreta en base a ello\u201d.<\/p>\n\n\n\n<p>Por su parte, el Dr. Humberto Vidal, en su clase inaugural, destac\u00f3 el trabajo realizado por el programa Transforma Hidr\u00f3geno Verde Magallanes en la ejecuci\u00f3n de estos proyectos, mencionando que \u201cse ha conseguido sentar a la mesa a todos los sectores involucrados y eso no es f\u00e1cil. Nosotros conversamos con otras regiones y el programa Transforma realmente ha conseguido objetivos tremendamente ambiciosos en poco tiempo\u201d.<\/p>\n\n\n\n<p>Sobre el curso, el Dr. Vidal agreg\u00f3: \u201cExaminaremos con cierta especificidad la cadena de valor de esta industria, reconociendo cu\u00e1les son los desaf\u00edos t\u00e9cnicos y las infraestructuras que se van a producir por estar desarrollando el hidr\u00f3geno verde y sus derivados en esta regi\u00f3n\u201d<\/p>\n\n\n\n<p>Desde CERE-UMAG destacaron el \u00e9xito de las convocatorias en las instancias desarrolladas durante el 2024 y 2026. Anteriormente, se cont\u00f3 con m\u00e1s de 200 postulantes y 48 egresados. En esta ocasi\u00f3n y tras una pre-inscripci\u00f3n de 123 personas, 45 fueron seleccionados, quienes cumplieron con todos los requisitos formales y podr\u00e1n desarrollar en forma gratuita la totalidad del curso.<\/p>\n","protected":false},"excerpt":{"rendered":"<p>Con la clase inaugural \u201cVentajas competitivas de Chile para producir hidr\u00f3geno verde\u201d, a cargo del Dr. Humberto Vidal, director del Centro de Estudio de los Recursos Energ\u00e9ticos (CERE) de la&#8230; <a class=\"read-more\" href=\"https:\/\/www.radiopresidenteibanez.cl\/web\/magallanes-apuesta-por-la-cadena-de-valor-del-hidrogeno-verde-con-foco-en-innovacion-y-seguridad\/\">Leer m\u00e1s<\/a><\/p>\n","protected":false},"author":2,"featured_media":64407,"comment_status":"closed","ping_status":"closed","sticky":false,"template":"","format":"standard","meta":{"footnotes":""},"categories":[1],"tags":[],"class_list":["post-64404","post","type-post","status-publish","format-standard","has-post-thumbnail","hentry","category-cronica"],"_links":{"self":[{"href":"https:\/\/www.radiopresidenteibanez.cl\/web\/wp-json\/wp\/v2\/posts\/64404","targetHints":{"allow":["GET"]}}],"collection":[{"href":"https:\/\/www.radiopresidenteibanez.cl\/web\/wp-json\/wp\/v2\/posts"}],"about":[{"href":"https:\/\/www.radiopresidenteibanez.cl\/web\/wp-json\/wp\/v2\/types\/post"}],"author":[{"embeddable":true,"href":"https:\/\/www.radiopresidenteibanez.cl\/web\/wp-json\/wp\/v2\/users\/2"}],"replies":[{"embeddable":true,"href":"https:\/\/www.radiopresidenteibanez.cl\/web\/wp-json\/wp\/v2\/comments?post=64404"}],"version-history":[{"count":1,"href":"https:\/\/www.radiopresidenteibanez.cl\/web\/wp-json\/wp\/v2\/posts\/64404\/revisions"}],"predecessor-version":[{"id":64408,"href":"https:\/\/www.radiopresidenteibanez.cl\/web\/wp-json\/wp\/v2\/posts\/64404\/revisions\/64408"}],"wp:featuredmedia":[{"embeddable":true,"href":"https:\/\/www.radiopresidenteibanez.cl\/web\/wp-json\/wp\/v2\/media\/64407"}],"wp:attachment":[{"href":"https:\/\/www.radiopresidenteibanez.cl\/web\/wp-json\/wp\/v2\/media?parent=64404"}],"wp:term":[{"taxonomy":"category","embeddable":true,"href":"https:\/\/www.radiopresidenteibanez.cl\/web\/wp-json\/wp\/v2\/categories?post=64404"},{"taxonomy":"post_tag","embeddable":true,"href":"https:\/\/www.radiopresidenteibanez.cl\/web\/wp-json\/wp\/v2\/tags?post=64404"}],"curies":[{"name":"wp","href":"https:\/\/api.w.org\/{rel}","templated":true}]}}