{"id":64401,"date":"2026-04-27T15:23:00","date_gmt":"2026-04-27T18:23:00","guid":{"rendered":"https:\/\/www.radiopresidenteibanez.cl\/web\/?p=64401"},"modified":"2026-04-27T10:26:48","modified_gmt":"2026-04-27T13:26:48","slug":"seremis-de-seguridad-y-agricultura-abordan-delito-de-abigeato-en-mesa-intersectorial","status":"publish","type":"post","link":"https:\/\/www.radiopresidenteibanez.cl\/web\/seremis-de-seguridad-y-agricultura-abordan-delito-de-abigeato-en-mesa-intersectorial\/","title":{"rendered":"Seremis de Seguridad y Agricultura abordan delito de abigeato en mesa intersectorial"},"content":{"rendered":"\n<p>En el marco de una estrategia p\u00fablico-privada, se realiz\u00f3 la primera mesa intersectorial contra el abigeato, liderada por los seremis de Seguridad P\u00fablica, Ronald L\u00f3pez, y de Agricultura, Juan Ignacio Cavada. La instancia permiti\u00f3 compartir diagn\u00f3sticos, recoger las principales preocupaciones del sector ganadero y definir l\u00edneas de acci\u00f3n concretas para enfrentar este delito, que genera importantes p\u00e9rdidas productivas.<br>Durante la jornada, las asociaciones de ganaderos de Magallanes y Tierra del Fuego plantearon inquietudes como el temor a denunciar y la percepci\u00f3n de escasos resultados. En respuesta, las polic\u00edas y el Ministerio P\u00fablico informaron avances en investigaciones y destacaron la importancia de fortalecer el intercambio de informaci\u00f3n para mejorar la prevenci\u00f3n y persecuci\u00f3n del delito.<br>Entre las medidas priorizadas se encuentran el fortalecimiento de la trazabilidad del ganado y la carne, la mejora de los controles al transporte, la definici\u00f3n de protocolos de fiscalizaci\u00f3n y el impulso a la denuncia a trav\u00e9s del fono an\u00f3nimo Denuncia Seguro *4242.<br>El seremi de Seguridad P\u00fablica, Ronald L\u00f3pez, se\u00f1al\u00f3 que \u201cel abigeato es un delito relevante para la regi\u00f3n y requiere una respuesta coordinada. Hemos definido acciones prioritarias que nos permitir\u00e1n avanzar en su prevenci\u00f3n y entregar mayor tranquilidad a los ganaderos\u201d.<br>Por su parte, el seremi de Agricultura, Juan Ignacio Cavada, destac\u00f3 que \u201cla seguridad en el mundo rural es fundamental para el desarrollo del sector. No puede haber crecimiento sostenible sin paz social, y por eso estamos impulsando un trabajo articulado que entregue certezas a quienes viven y producen en el campo\u201d.<br>Desde el sector productivo, el presidente de la Asociaci\u00f3n de Ganaderos de Magallanes, Jorge Tafra, valor\u00f3 la instancia, se\u00f1alando que existe un inter\u00e9s real por abordar el problema y avanzar hacia resultados concretos, mediante el compromiso de las instituciones participantes.<br>La mesa de trabajo continuar\u00e1 sesionando con una agenda definida, con el objetivo de fortalecer la seguridad en toda la cadena productiva, desde el campo hasta la comercializaci\u00f3n.<br>En esta instancia participaron la Seremi de Salud, PDI, Carabineros, Fiscal\u00eda, Servicio Agr\u00edcola y Ganadero, Directemar y asociaciones gremiales del sector, adem\u00e1s de las m\u00e1ximas autoridades de las carteas ministeriales de agricultura y seguridad.<\/p>\n","protected":false},"excerpt":{"rendered":"<p>En el marco de una estrategia p\u00fablico-privada, se realiz\u00f3 la primera mesa intersectorial contra el abigeato, liderada por los seremis de Seguridad P\u00fablica, Ronald L\u00f3pez, y de Agricultura, Juan Ignacio&#8230; <a class=\"read-more\" href=\"https:\/\/www.radiopresidenteibanez.cl\/web\/seremis-de-seguridad-y-agricultura-abordan-delito-de-abigeato-en-mesa-intersectorial\/\">Leer m\u00e1s<\/a><\/p>\n","protected":false},"author":2,"featured_media":64402,"comment_status":"closed","ping_status":"closed","sticky":false,"template":"","format":"standard","meta":{"footnotes":""},"categories":[1],"tags":[],"class_list":["post-64401","post","type-post","status-publish","format-standard","has-post-thumbnail","hentry","category-cronica"],"_links":{"self":[{"href":"https:\/\/www.radiopresidenteibanez.cl\/web\/wp-json\/wp\/v2\/posts\/64401","targetHints":{"allow":["GET"]}}],"collection":[{"href":"https:\/\/www.radiopresidenteibanez.cl\/web\/wp-json\/wp\/v2\/posts"}],"about":[{"href":"https:\/\/www.radiopresidenteibanez.cl\/web\/wp-json\/wp\/v2\/types\/post"}],"author":[{"embeddable":true,"href":"https:\/\/www.radiopresidenteibanez.cl\/web\/wp-json\/wp\/v2\/users\/2"}],"replies":[{"embeddable":true,"href":"https:\/\/www.radiopresidenteibanez.cl\/web\/wp-json\/wp\/v2\/comments?post=64401"}],"version-history":[{"count":1,"href":"https:\/\/www.radiopresidenteibanez.cl\/web\/wp-json\/wp\/v2\/posts\/64401\/revisions"}],"predecessor-version":[{"id":64403,"href":"https:\/\/www.radiopresidenteibanez.cl\/web\/wp-json\/wp\/v2\/posts\/64401\/revisions\/64403"}],"wp:featuredmedia":[{"embeddable":true,"href":"https:\/\/www.radiopresidenteibanez.cl\/web\/wp-json\/wp\/v2\/media\/64402"}],"wp:attachment":[{"href":"https:\/\/www.radiopresidenteibanez.cl\/web\/wp-json\/wp\/v2\/media?parent=64401"}],"wp:term":[{"taxonomy":"category","embeddable":true,"href":"https:\/\/www.radiopresidenteibanez.cl\/web\/wp-json\/wp\/v2\/categories?post=64401"},{"taxonomy":"post_tag","embeddable":true,"href":"https:\/\/www.radiopresidenteibanez.cl\/web\/wp-json\/wp\/v2\/tags?post=64401"}],"curies":[{"name":"wp","href":"https:\/\/api.w.org\/{rel}","templated":true}]}}