{"id":64398,"date":"2026-04-27T13:47:00","date_gmt":"2026-04-27T16:47:00","guid":{"rendered":"https:\/\/www.radiopresidenteibanez.cl\/web\/?p=64398"},"modified":"2026-04-27T10:08:16","modified_gmt":"2026-04-27T13:08:16","slug":"gendarmeria-y-el-ind-fortalecen-la-reinsercion-social-con-entrega-de-implementacion-deportiva","status":"publish","type":"post","link":"https:\/\/www.radiopresidenteibanez.cl\/web\/gendarmeria-y-el-ind-fortalecen-la-reinsercion-social-con-entrega-de-implementacion-deportiva\/","title":{"rendered":"GENDARMER\u00cdA Y EL IND FORTALECEN LA REINSERCI\u00d3N SOCIAL CON ENTREGA DE IMPLEMENTACI\u00d3N DEPORTIVA"},"content":{"rendered":"\n<p>En el gimnasio del Complejo Penitenciario (CP) de Punta Arenas se realiz\u00f3 este viernes la ceremonia de entrega de implementaci\u00f3n deportiva destinada al desarrollo de talleres polideportivos en los Centros de Detenci\u00f3n Preventiva (CDP) de Punta Arenas y Porvenir.<\/p>\n\n\n\n<p>Gracias a un convenio de colaboraci\u00f3n intersectorial vigente con Gendarmer\u00eda de Chile, el Instituto Nacional de Deportes (IND) ejecutar\u00e1 el programa \u201cActividad F\u00edsica, Deporte y Pr\u00e1cticas Corporales para Poblaci\u00f3n Privada de Libertad\u201d, cuyo objetivo es mejorar la condici\u00f3n f\u00edsica y el bienestar integral de personas mayores de 18 a\u00f1os privadas de libertad, que presentan niveles de actividad f\u00edsica inferiores a los recomendados por la Organizaci\u00f3n Mundial de la Salud.<\/p>\n\n\n\n<p>Al respecto, el seremi del Deporte, Jacques Roux, valor\u00f3 la iniciativa se\u00f1alando que \u201ccomo Gobierno estamos muy contentos de apoyar, a trav\u00e9s del ministerio del Deporte, estos talleres que permiten que las personas privadas de libertad puedan tener una mejor calidad de vida. La pr\u00e1ctica deportiva es una herramienta clave para favorecer su reinserci\u00f3n social, pensando en su regreso a la vida en comunidad\u201d.<\/p>\n\n\n\n<p>En la misma l\u00ednea, el seremi de Justicia y Derechos Humanos, Crist\u00f3bal Fern\u00e1ndez, destac\u00f3 que \u201ceste programa, en colaboraci\u00f3n con el Ministerio del Deporte y el IND, permite que las personas privadas de libertad puedan recrearse y esparcirse, fomentando valores como el respeto, la conducta y la disciplina, aspectos que contribuyen directamente a la reinserci\u00f3n social\u201d.<\/p>\n\n\n\n<p>Por su parte, el director regional del IND, H\u00e9ctor Serka Kusanovic, subray\u00f3 el alcance de esta alianza: \u201ca\u00f1o tras a\u00f1o desarrollamos estos talleres en conjunto con Gendarmer\u00eda, estando presentes en todos los centros penitenciarios de la regi\u00f3n. Este trabajo sistem\u00e1tico aporta a liberar el estr\u00e9s, mantener el estado f\u00edsico y contribuir a la regulaci\u00f3n de los \u00e1nimos, lo que es fundamental para las personas privadas de libertad\u201d.<\/p>\n\n\n\n<p>Desde Gendarmer\u00eda, el jefe de unidad del Complejo Penitenciario de Punta Arenas, teniente coronel Edgardo P\u00e9rez, relev\u00f3 el impacto concreto de la entrega: \u201cesta implementaci\u00f3n deportiva permite fortalecer las actividades f\u00edsicas que se desarrollan de manera permanente en la unidad. El deporte es un espacio provechoso para todas las personas privadas de libertad, por lo que estamos muy contentos de recibir este aporte\u201d.<\/p>\n\n\n\n<p>Este programa del IND es plenamente concordante con uno de los objetivos centrales de Gendarmer\u00eda, al contribuir a los procesos de reinserci\u00f3n social mediante la promoci\u00f3n de h\u00e1bitos de vida saludable, la pr\u00e1ctica deportiva y el desarrollo de habilidades personales, concluy\u00f3 el teniente coronel P\u00e9rez.<\/p>\n\n\n\n<p>Los talleres polideportivos se ejecutar\u00e1n durante ocho meses, con tres horas semanales por grupo, e incluir\u00e1n evaluaciones para medir la condici\u00f3n f\u00edsica y los niveles de actividad de mujeres y hombres privados de libertad.<\/p>\n\n\n\n<p>Inversi\u00f3n para la reinserci\u00f3n social<\/p>\n\n\n\n<p>Los cinco talleres polideportivos que el IND ejecutar\u00e1 en el CP de Punta Arenas, as\u00ed como el que beneficiar\u00e1 a los internos del CDP de Porvenir, implicaron la contrataci\u00f3n de seis talleristas con una inversi\u00f3n de $10.752.000, adem\u00e1s de la entrega de implementaci\u00f3n deportiva por $1.320.000. A ello se suma un aporte adicional realizado en diciembre del a\u00f1o pasado por $1.248.000, destinado a actividades recreativas.<\/p>\n\n\n\n<p>De este modo, la inversi\u00f3n total durante el a\u00f1o 2026 asciende a $13.320.000, recursos orientados a promover la reinserci\u00f3n de las personas privadas de libertad mediante el deporte, entendido como una herramienta de transformaci\u00f3n personal y social que fomenta la reeducaci\u00f3n, la adquisici\u00f3n de valores, la convivencia y la mejora de la salud f\u00edsica y mental.<\/p>\n","protected":false},"excerpt":{"rendered":"<p>En el gimnasio del Complejo Penitenciario (CP) de Punta Arenas se realiz\u00f3 este viernes la ceremonia de entrega de implementaci\u00f3n deportiva destinada al desarrollo de talleres polideportivos en los Centros&#8230; <a class=\"read-more\" href=\"https:\/\/www.radiopresidenteibanez.cl\/web\/gendarmeria-y-el-ind-fortalecen-la-reinsercion-social-con-entrega-de-implementacion-deportiva\/\">Leer m\u00e1s<\/a><\/p>\n","protected":false},"author":2,"featured_media":64399,"comment_status":"closed","ping_status":"closed","sticky":false,"template":"","format":"standard","meta":{"footnotes":""},"categories":[1],"tags":[],"class_list":["post-64398","post","type-post","status-publish","format-standard","has-post-thumbnail","hentry","category-cronica"],"_links":{"self":[{"href":"https:\/\/www.radiopresidenteibanez.cl\/web\/wp-json\/wp\/v2\/posts\/64398","targetHints":{"allow":["GET"]}}],"collection":[{"href":"https:\/\/www.radiopresidenteibanez.cl\/web\/wp-json\/wp\/v2\/posts"}],"about":[{"href":"https:\/\/www.radiopresidenteibanez.cl\/web\/wp-json\/wp\/v2\/types\/post"}],"author":[{"embeddable":true,"href":"https:\/\/www.radiopresidenteibanez.cl\/web\/wp-json\/wp\/v2\/users\/2"}],"replies":[{"embeddable":true,"href":"https:\/\/www.radiopresidenteibanez.cl\/web\/wp-json\/wp\/v2\/comments?post=64398"}],"version-history":[{"count":1,"href":"https:\/\/www.radiopresidenteibanez.cl\/web\/wp-json\/wp\/v2\/posts\/64398\/revisions"}],"predecessor-version":[{"id":64400,"href":"https:\/\/www.radiopresidenteibanez.cl\/web\/wp-json\/wp\/v2\/posts\/64398\/revisions\/64400"}],"wp:featuredmedia":[{"embeddable":true,"href":"https:\/\/www.radiopresidenteibanez.cl\/web\/wp-json\/wp\/v2\/media\/64399"}],"wp:attachment":[{"href":"https:\/\/www.radiopresidenteibanez.cl\/web\/wp-json\/wp\/v2\/media?parent=64398"}],"wp:term":[{"taxonomy":"category","embeddable":true,"href":"https:\/\/www.radiopresidenteibanez.cl\/web\/wp-json\/wp\/v2\/categories?post=64398"},{"taxonomy":"post_tag","embeddable":true,"href":"https:\/\/www.radiopresidenteibanez.cl\/web\/wp-json\/wp\/v2\/tags?post=64398"}],"curies":[{"name":"wp","href":"https:\/\/api.w.org\/{rel}","templated":true}]}}