{"id":64395,"date":"2026-04-27T11:59:00","date_gmt":"2026-04-27T14:59:00","guid":{"rendered":"https:\/\/www.radiopresidenteibanez.cl\/web\/?p=64395"},"modified":"2026-04-27T10:02:12","modified_gmt":"2026-04-27T13:02:12","slug":"senador-kusanovic-sostiene-reunion-con-representantes-de-trabajadores-de-enap-para-abordar-desafios-de-la-estatal","status":"publish","type":"post","link":"https:\/\/www.radiopresidenteibanez.cl\/web\/senador-kusanovic-sostiene-reunion-con-representantes-de-trabajadores-de-enap-para-abordar-desafios-de-la-estatal\/","title":{"rendered":"Senador Kusanovic sostiene reuni\u00f3n con representantes de trabajadores de ENAP para abordar desaf\u00edos de la estatal"},"content":{"rendered":"\n<p>Una reuni\u00f3n protocolar sostuvo el senador Alejandro Kusanovic con dirigentes y representantes<br>de los trabajadores del sector petrolero, instancia en la que se abordaron los principales<br>desaf\u00edos que enfrenta actualmente la ENAP y su impacto en la Regi\u00f3n de Magallanes.<br>La delegaci\u00f3n estuvo compuesta por Marcos Varas, presidente de la FENATRAPECH; Guido<br>Kusanovic, en representaci\u00f3n del sindicato de profesionales; y Nolberto D\u00edaz, director<br>corporativo de ENAP en representaci\u00f3n de los trabajadores.<br>Durante el encuentro analizaron temas clave como: la calidad del empleo, la competitividad<br>internacional del petr\u00f3leo y los desaf\u00edos estructurales de la empresa estatal, adem\u00e1s de revisar<br>proyectos futuros que podr\u00edan implementarse tanto en la refiner\u00eda como en la Regi\u00f3n de<br>Magallanes.<br>Tras la reuni\u00f3n, Alejandro Kusanovic, senador por Magallanes dijo que \u201cENAP es una empresa<br>estrat\u00e9gica para el desarrollo de la regi\u00f3n de Magallanes y del pa\u00eds. Este tipo de encuentros<br>permite recoger de primera fuente las inquietudes de sus trabajadores y avanzar en soluciones<br>concretas que fortalezcan su competitividad y proyecci\u00f3n futura.\u201d<br>Marcos Varas, presidente de la Fenatrapech se\u00f1al\u00f3 que \u201cel encuentro con el senador nos<br>permiti\u00f3 abordar los principales desaf\u00edos que enfrenta hoy ENAP, especialmente en materia de<br>calidad del empleo, competitividad internacional y el rol estrat\u00e9gico que cumple para la Regi\u00f3n<br>de Magallanes y el pa\u00eds.\u201d<br>Nolberto D\u00edaz, director corporativo de ENAP, manifest\u00f3 que \u201cValoramos esta reuni\u00f3n como un<br>primer paso para avanzar en una agenda conjunta entre trabajadores y autoridades, con miras<br>a impulsar proyectos futuros y construir un plan de desarrollo energ\u00e9tico que fortalezca tanto<br>la regi\u00f3n como el crecimiento de Chile.\u201d<br>Tras la cita, los participantes coincidieron en la importancia de mantener estos espacios de<br>di\u00e1logo y no descartaron nuevas, con un enfoque m\u00e1s espec\u00edfico, centrado en estrategias y<br>planes de desarrollo para la Regi\u00f3n de Magallanes y el pa\u00eds.<\/p>\n","protected":false},"excerpt":{"rendered":"<p>Una reuni\u00f3n protocolar sostuvo el senador Alejandro Kusanovic con dirigentes y representantesde los trabajadores del sector petrolero, instancia en la que se abordaron los principalesdesaf\u00edos que enfrenta actualmente la ENAP&#8230; <a class=\"read-more\" href=\"https:\/\/www.radiopresidenteibanez.cl\/web\/senador-kusanovic-sostiene-reunion-con-representantes-de-trabajadores-de-enap-para-abordar-desafios-de-la-estatal\/\">Leer m\u00e1s<\/a><\/p>\n","protected":false},"author":2,"featured_media":64396,"comment_status":"closed","ping_status":"closed","sticky":false,"template":"","format":"standard","meta":{"footnotes":""},"categories":[1],"tags":[],"class_list":["post-64395","post","type-post","status-publish","format-standard","has-post-thumbnail","hentry","category-cronica"],"_links":{"self":[{"href":"https:\/\/www.radiopresidenteibanez.cl\/web\/wp-json\/wp\/v2\/posts\/64395","targetHints":{"allow":["GET"]}}],"collection":[{"href":"https:\/\/www.radiopresidenteibanez.cl\/web\/wp-json\/wp\/v2\/posts"}],"about":[{"href":"https:\/\/www.radiopresidenteibanez.cl\/web\/wp-json\/wp\/v2\/types\/post"}],"author":[{"embeddable":true,"href":"https:\/\/www.radiopresidenteibanez.cl\/web\/wp-json\/wp\/v2\/users\/2"}],"replies":[{"embeddable":true,"href":"https:\/\/www.radiopresidenteibanez.cl\/web\/wp-json\/wp\/v2\/comments?post=64395"}],"version-history":[{"count":1,"href":"https:\/\/www.radiopresidenteibanez.cl\/web\/wp-json\/wp\/v2\/posts\/64395\/revisions"}],"predecessor-version":[{"id":64397,"href":"https:\/\/www.radiopresidenteibanez.cl\/web\/wp-json\/wp\/v2\/posts\/64395\/revisions\/64397"}],"wp:featuredmedia":[{"embeddable":true,"href":"https:\/\/www.radiopresidenteibanez.cl\/web\/wp-json\/wp\/v2\/media\/64396"}],"wp:attachment":[{"href":"https:\/\/www.radiopresidenteibanez.cl\/web\/wp-json\/wp\/v2\/media?parent=64395"}],"wp:term":[{"taxonomy":"category","embeddable":true,"href":"https:\/\/www.radiopresidenteibanez.cl\/web\/wp-json\/wp\/v2\/categories?post=64395"},{"taxonomy":"post_tag","embeddable":true,"href":"https:\/\/www.radiopresidenteibanez.cl\/web\/wp-json\/wp\/v2\/tags?post=64395"}],"curies":[{"name":"wp","href":"https:\/\/api.w.org\/{rel}","templated":true}]}}