{"id":64390,"date":"2026-04-27T10:49:00","date_gmt":"2026-04-27T13:49:00","guid":{"rendered":"https:\/\/www.radiopresidenteibanez.cl\/web\/?p=64390"},"modified":"2026-04-27T09:57:33","modified_gmt":"2026-04-27T12:57:33","slug":"puerto-natales-reunira-a-expertos-internacionales-en-gastronomia-y-turismo-gastronomico","status":"publish","type":"post","link":"https:\/\/www.radiopresidenteibanez.cl\/web\/puerto-natales-reunira-a-expertos-internacionales-en-gastronomia-y-turismo-gastronomico\/","title":{"rendered":"Puerto Natales reunir\u00e1 a expertos internacionales en gastronom\u00eda y Turismo Gastron\u00f3mico"},"content":{"rendered":"\n<p>A pocos d\u00edas de su realizaci\u00f3n, el evento ya registra m\u00e1s de 150 personas confirmadas,<br>consolid\u00e1ndose como uno de los encuentros que cada a\u00f1o toma m\u00e1s relevancia para el<br>sector. Durante dos jornadas, la instancia reunir\u00e1 a expertos nacionales e internacionales,<br>medios de comunicaci\u00f3n internacionales especializados con emprendedores, empresarios<br>del canal HORECA, productores y estudiantes de la regi\u00f3n.<br>El programa contempla una nutrida agenda orientada a la vinculaci\u00f3n comercial, la<br>formaci\u00f3n t\u00e9cnica y el posicionamiento internacional del destino. Todo ello en un<br>territorio que ha sido reconocido por su destacada propuesta culinaria, tras ser<br>distinguido como Capital Gastron\u00f3mica Internacional en el a\u00f1o 2024 por la World Food<br>Travel Association (WFTA), reafirmando el potencial de Puerto Natales y la Patagonia<br>chilena en el \u00e1mbito gastron\u00f3mico.<br>Desde el directorio de la organizaci\u00f3n gremial, Valentina Su\u00e1rez \u00c1lvarez presidenta de la<br>C\u00e1mara de Turismo de \u00daltima Esperanza (CATUE) se\u00f1al\u00f3: \u201cEstamos muy contentos por la<br>alta convocatoria que ha tenido este evento. Hemos recibido confirmaciones de asistencia<br>desde distintos puntos de la regi\u00f3n, as\u00ed como tambi\u00e9n de otras zonas del pa\u00eds, como<br>Ays\u00e9n, Los Lagos y Los R\u00edos, e incluso desde la Patagonia Argentina. Uno de los aspectos<br>m\u00e1s significativos ha sido recibir los mensajes que acompa\u00f1an a muchas de estas<br>confirmaciones: existe un genuino reconocimiento y admiraci\u00f3n por el trabajo que<br>estamos desarrollando en materia gastron\u00f3mica, lo que motiva a muchos a no querer<br>quedar fuera de esta instancia. Valoramos profundamente el esfuerzo de quienes viajar\u00e1n<br>desde lejos para ser parte de este encuentro, lo que sin duda refuerza el sentido y<br>proyecci\u00f3n de esta iniciativa.\u201d<\/p>\n\n\n\n<p>El evento se desarrollar\u00e1 los d\u00edas 28 y 29 de abril de 2026, entre las 14:00 y las 19:00<br>horas, ofreciendo un programa diverso que busca articular talento, conocimiento e<br>innovaci\u00f3n para fortalecer el turismo gastron\u00f3mico en el territorio.<br>La jornada del 28 de abril estar\u00e1 marcada por la Expo \u201cMercado Gourmet Natalino\u201d, un<br>espacio que releva la identidad local a trav\u00e9s de experiencias demostrativas, networking,<br>la participaci\u00f3n de nuevos talentos del territorio, adem\u00e1s de barra y cocina en vivo. En el<br>marco de este contexto, se desarrollar\u00e1 en paralelo el tradicional Torneo de Gastronom\u00eda<br>Austral \u201cSabores Natalinos\u201d, donde nueve participantes pondr\u00e1n a prueba su creatividad<br>en un formato en vivo y abierto al p\u00fablico, elaborando preparaciones que destaquen y<br>diversifiquen el uso del cordero magall\u00e1nico, bajo la evaluaci\u00f3n de un jurado de chefs<br>internacionales.<br>El 29 de abril, en paralelo al espacio productivo, se realizar\u00e1 el Seminario Internacional de<br>Gastronom\u00eda y Turismo, una instancia formativa enfocada en la transferencia de<br>conocimientos, el intercambio de experiencias y la articulaci\u00f3n de redes para el desarrollo<br>de destinos gastron\u00f3micos. El encuentro contar\u00e1 con siete speakers nacionales e<br>internacionales, provenientes de M\u00e9xico, Brasil, Costa Rica y diversas regiones de Chile.<br>Medios especializados de M\u00e9xico, Brasil, Argentina y Espa\u00f1a se suman a la cobertura<br>nacional, gracias a las gestiones de CATUE, el programa Viraliza de CORFO y el apoyo de<br>SERNATUR, fortaleciendo la proyecci\u00f3n del destino.<br>La invitaci\u00f3n est\u00e1 dirigida a todos los actores que forman parte de la cadena de valor del<br>turismo, especialmente del \u00e1mbito gastron\u00f3mico, incluyendo emprendedores,<br>empresarios, gu\u00edas de turismo, trabajadores del sector, estudiantes, inversionistas y<br>tomadores de decisiones, quienes encontrar\u00e1n en este encuentro una plataforma<br>concreta para el desarrollo y proyecci\u00f3n del turismo gastron\u00f3mico.<br>Adriana Aguilar, gerente general de la C\u00e1mara de Turismo de \u00daltima Esperanza, se\u00f1al\u00f3: \u201cA<br>trav\u00e9s de nuestras redes hemos logrado consolidar alianzas estrat\u00e9gicas clave,<br>fortaleciendo un trabajo colaborativo con la Municipalidad de Natales, SERNATUR,<br>AquaChile y la Universidad Austral de Chile. Asimismo, hemos incorporado nuevos<br>partners que se suman a este prop\u00f3sito, como el Gimnasio y Club Natales, el Liceo<br>Polit\u00e9cnico Luis Cruz Mart\u00ednez \u2014a trav\u00e9s de sus especialidades de Turismo y<br>Gastronom\u00eda\u2014 y el Sistema de Inteligencia Tur\u00edstica de la Patagonia. Cabe destacar que se<br>mantiene un s\u00f3lido respaldo del sector privado, con m\u00e1s de 40 empresas del \u00e1mbito<br>tur\u00edstico de Puerto Natales y Torres del Paine, cuyo aporte contribuye significativamente a<br>elevar la calidad y proyecci\u00f3n de este evento.\u201d<\/p>\n","protected":false},"excerpt":{"rendered":"<p>A pocos d\u00edas de su realizaci\u00f3n, el evento ya registra m\u00e1s de 150 personas confirmadas,consolid\u00e1ndose como uno de los encuentros que cada a\u00f1o toma m\u00e1s relevancia para elsector. Durante dos&#8230; <a class=\"read-more\" href=\"https:\/\/www.radiopresidenteibanez.cl\/web\/puerto-natales-reunira-a-expertos-internacionales-en-gastronomia-y-turismo-gastronomico\/\">Leer m\u00e1s<\/a><\/p>\n","protected":false},"author":2,"featured_media":64393,"comment_status":"closed","ping_status":"closed","sticky":false,"template":"","format":"standard","meta":{"footnotes":""},"categories":[1],"tags":[],"class_list":["post-64390","post","type-post","status-publish","format-standard","has-post-thumbnail","hentry","category-cronica"],"_links":{"self":[{"href":"https:\/\/www.radiopresidenteibanez.cl\/web\/wp-json\/wp\/v2\/posts\/64390","targetHints":{"allow":["GET"]}}],"collection":[{"href":"https:\/\/www.radiopresidenteibanez.cl\/web\/wp-json\/wp\/v2\/posts"}],"about":[{"href":"https:\/\/www.radiopresidenteibanez.cl\/web\/wp-json\/wp\/v2\/types\/post"}],"author":[{"embeddable":true,"href":"https:\/\/www.radiopresidenteibanez.cl\/web\/wp-json\/wp\/v2\/users\/2"}],"replies":[{"embeddable":true,"href":"https:\/\/www.radiopresidenteibanez.cl\/web\/wp-json\/wp\/v2\/comments?post=64390"}],"version-history":[{"count":1,"href":"https:\/\/www.radiopresidenteibanez.cl\/web\/wp-json\/wp\/v2\/posts\/64390\/revisions"}],"predecessor-version":[{"id":64394,"href":"https:\/\/www.radiopresidenteibanez.cl\/web\/wp-json\/wp\/v2\/posts\/64390\/revisions\/64394"}],"wp:featuredmedia":[{"embeddable":true,"href":"https:\/\/www.radiopresidenteibanez.cl\/web\/wp-json\/wp\/v2\/media\/64393"}],"wp:attachment":[{"href":"https:\/\/www.radiopresidenteibanez.cl\/web\/wp-json\/wp\/v2\/media?parent=64390"}],"wp:term":[{"taxonomy":"category","embeddable":true,"href":"https:\/\/www.radiopresidenteibanez.cl\/web\/wp-json\/wp\/v2\/categories?post=64390"},{"taxonomy":"post_tag","embeddable":true,"href":"https:\/\/www.radiopresidenteibanez.cl\/web\/wp-json\/wp\/v2\/tags?post=64390"}],"curies":[{"name":"wp","href":"https:\/\/api.w.org\/{rel}","templated":true}]}}