{"id":64385,"date":"2026-04-27T09:38:44","date_gmt":"2026-04-27T12:38:44","guid":{"rendered":"https:\/\/www.radiopresidenteibanez.cl\/web\/?p=64385"},"modified":"2026-04-27T09:38:53","modified_gmt":"2026-04-27T12:38:53","slug":"escuela-patagonia-celebrara-dia-de-la-convivenci-aescolar-con-performativo-desfile-y-corrida","status":"publish","type":"post","link":"https:\/\/www.radiopresidenteibanez.cl\/web\/escuela-patagonia-celebrara-dia-de-la-convivenci-aescolar-con-performativo-desfile-y-corrida\/","title":{"rendered":"ESCUELA PATAGONIA CELEBRAR\u00c1 \u201cD\u00cdA DE LA CONVIVENCI AESCOLAR\u201d CON PERFORMATIVO DESFILE Y CORRIDA"},"content":{"rendered":"\n<p>En el marco de la conmemoraci\u00f3n del \u201cD\u00eda de la Convivencia Escolar\u201d, la comunidad educativa de la Escuela Patagonia desarrollar\u00e1 este mi\u00e9rcoles 29 de abril, una jornada orientada a fortalecer el respeto, la inclusi\u00f3n, la participaci\u00f3n y el buen trato entre todos los integrantes de la escuela. Durante la jornada se llevar\u00e1n a cabo diversas instancias formativas y recreativas.La jornada comenzar\u00e1 entre las 08:00 y 09:30 horas con una actividad de reflexi\u00f3n en aula, en la que todos los cursos participar\u00e1n en espacios de di\u00e1logo guiado, abordando tem\u00e1ticas vinculadas a la sana convivencia, el respeto mutuo y la participaci\u00f3n estudiantil.Posteriormente, entre las 09:45 y 11:15 horas, se realizar\u00e1 un desayuno compartido por curso, instancia que busca fortalecer los v\u00ednculos al interior de cada comunidad, incorporando adem\u00e1s la participaci\u00f3n de asistentes de la educaci\u00f3n como invitados especiales, relevando su rol dentro del establecimiento.A partir de las 11:30 y hasta las 13:00 horas, se desarrollar\u00e1 en el hall del establecimiento un desfile de \u201csombreros y peinados locos\u201d, actividad que promueve la creatividad, la expresi\u00f3n personal y la integraci\u00f3n entre estudiantes de distintos niveles, en un ambiente de respeto y valoraci\u00f3n de la diversidad.Finalmente, la jornada culminar\u00e1 entre las 13:45 y 15:15 horas con la 3era Corrida por la Convivencia, actividad recreativa que se realizar\u00e1 en el establecimiento y sus inmediaciones, orientada a fomentar el trabajo en equipo, la vida saludable y la participaci\u00f3n activa de los estudiantes. Dicha iniciativa contar\u00e1 con la valiosa colaboraci\u00f3n del Club Deportivo MTR, quienes apoyar\u00e1n en su desarrollo.Estas actividades forman parte del compromiso institucional por generar espacios que promuevan una convivencia positiva y el bienestar integral de las y los estudiantes<\/p>\n","protected":false},"excerpt":{"rendered":"<p>En el marco de la conmemoraci\u00f3n del \u201cD\u00eda de la Convivencia Escolar\u201d, la comunidad educativa de la Escuela Patagonia desarrollar\u00e1 este mi\u00e9rcoles 29 de abril, una jornada orientada a fortalecer&#8230; <a class=\"read-more\" href=\"https:\/\/www.radiopresidenteibanez.cl\/web\/escuela-patagonia-celebrara-dia-de-la-convivenci-aescolar-con-performativo-desfile-y-corrida\/\">Leer m\u00e1s<\/a><\/p>\n","protected":false},"author":2,"featured_media":64388,"comment_status":"closed","ping_status":"closed","sticky":false,"template":"","format":"standard","meta":{"footnotes":""},"categories":[1],"tags":[],"class_list":["post-64385","post","type-post","status-publish","format-standard","has-post-thumbnail","hentry","category-cronica"],"_links":{"self":[{"href":"https:\/\/www.radiopresidenteibanez.cl\/web\/wp-json\/wp\/v2\/posts\/64385","targetHints":{"allow":["GET"]}}],"collection":[{"href":"https:\/\/www.radiopresidenteibanez.cl\/web\/wp-json\/wp\/v2\/posts"}],"about":[{"href":"https:\/\/www.radiopresidenteibanez.cl\/web\/wp-json\/wp\/v2\/types\/post"}],"author":[{"embeddable":true,"href":"https:\/\/www.radiopresidenteibanez.cl\/web\/wp-json\/wp\/v2\/users\/2"}],"replies":[{"embeddable":true,"href":"https:\/\/www.radiopresidenteibanez.cl\/web\/wp-json\/wp\/v2\/comments?post=64385"}],"version-history":[{"count":1,"href":"https:\/\/www.radiopresidenteibanez.cl\/web\/wp-json\/wp\/v2\/posts\/64385\/revisions"}],"predecessor-version":[{"id":64389,"href":"https:\/\/www.radiopresidenteibanez.cl\/web\/wp-json\/wp\/v2\/posts\/64385\/revisions\/64389"}],"wp:featuredmedia":[{"embeddable":true,"href":"https:\/\/www.radiopresidenteibanez.cl\/web\/wp-json\/wp\/v2\/media\/64388"}],"wp:attachment":[{"href":"https:\/\/www.radiopresidenteibanez.cl\/web\/wp-json\/wp\/v2\/media?parent=64385"}],"wp:term":[{"taxonomy":"category","embeddable":true,"href":"https:\/\/www.radiopresidenteibanez.cl\/web\/wp-json\/wp\/v2\/categories?post=64385"},{"taxonomy":"post_tag","embeddable":true,"href":"https:\/\/www.radiopresidenteibanez.cl\/web\/wp-json\/wp\/v2\/tags?post=64385"}],"curies":[{"name":"wp","href":"https:\/\/api.w.org\/{rel}","templated":true}]}}