{"id":64382,"date":"2026-04-27T08:24:21","date_gmt":"2026-04-27T11:24:21","guid":{"rendered":"https:\/\/www.radiopresidenteibanez.cl\/web\/?p=64382"},"modified":"2026-04-27T08:24:25","modified_gmt":"2026-04-27T11:24:25","slug":"plan-de-reconstruccion-nacional","status":"publish","type":"post","link":"https:\/\/www.radiopresidenteibanez.cl\/web\/plan-de-reconstruccion-nacional\/","title":{"rendered":"PLAN DE RECONSTRUCCION NACIONAL"},"content":{"rendered":"\n<p>Esta semana Chile entero fue sorprendido por las medidas econ\u00f3micas que contempla el mega<br>proyecto del gobierno conservador. La oposici\u00f3n le ha llamado \u201cLey tutifruti\u201d, y el gobierno \u201cPlan de<br>reconstrucci\u00f3n nacional\u201d, en una coincidencia involuntaria o referencia evidente a la \u201cReconstrucci\u00f3n<br>nacional\u201d, anunciada por la junta militar al inicio de la dictadura. Parece ser un intento de restauraci\u00f3n<br>conservadora para echar por tierra la obra de los 30 a\u00f1os de transici\u00f3n democr\u00e1tica. Un retroceso en<br>derechos sociales que han sido conquistas hist\u00f3ricas de las familias trabajadoras, son varios pasos atr\u00e1s de la propuesta de una \u201cDerecha social\u201d, que en el pasado fue encarnada por Joaqu\u00edn Lav\u00edn o Pablo Longueira. El proyecto mezcla tantos y tan variados temas que es dif\u00edcil de entender para el ciudadano de a pie. Es por eso que la propuesta que se ha hecho m\u00e1s conocida, y sobre la que se han centrado la mayor\u00eda de las cr\u00edticas, es la llamada \u201dRebaja de impuestos a los m\u00e1s ricos\u201d. T\u00e9cnicamente se trata de la rebaja del impuesto de primera categor\u00eda de un 27% a un 23% a las grandes empresas. Pero hay que ser honestos, la rebaja de este impuesto tambi\u00e9n fue propuesto por el gobierno progresista, hace menos de dos a\u00f1os, y fue rechazado por el actual oficialismo. \u00bfPor qu\u00e9 se rechaz\u00f3 si era una rebaja que buscaba un objetivo similar?, por una raz\u00f3n sencilla, el proyecto del progresismo establec\u00eda que la p\u00e9rdida de ingresos fiscales que involucraba la rebaja, deb\u00eda compensarse por otros tributos. Y he aqu\u00ed uno de los aspectos centrales que han planteado economistas de renombre y prestigio transversal como Andrea Repetto, Nicol\u00e1s Eyzaguirre o Hern\u00e1n Frigolett. La reforma tributaria disimulada detr\u00e1s de otras m\u00faltiples propuestas legislativas, constituye un severo riesgo de incrementar sustantivamente el d\u00e9ficit fiscal, que arrastra el pa\u00eds desde 2012.<br>S\u00ed amigos y amigas, el d\u00e9ficit fiscal no naci\u00f3 en la administraci\u00f3n anterior. Proviene de la primera<br>administraci\u00f3n del difunto presidente Sebasti\u00e1n Pi\u00f1era, continu\u00f3 durante el segundo per\u00edodo de la<br>presidenta Bachelet, la segunda administraci\u00f3n Pi\u00f1era, y el gobierno del presidente Boric. Los economistas mencionados, han advertido de que no existe evidencia emp\u00edrica. Es decir, no existen datos que avalen la tesis sostenida por el ministro de Hacienda. La reducci\u00f3n de impuestos a las grandes empresas, no est\u00e1 comprobado que genere por s\u00ed solo crecimiento econ\u00f3mico. E incluso en los casos donde esto ha ocurrido, el aumento de los ingresos fiscales es marginal, y no alcanza a compensar la p\u00e9rdida de ingresos que la rebaja produjo.<br>Otra propuesta que los economistas recomiendan rechazar es la invariabilidad tributaria por<br>veinticinco a\u00f1os. En primer lugar, porque dejar\u00eda con las manos atadas a los pr\u00f3ximos cinco gobiernos,<br>impidi\u00e9ndoles ejercer su mandato constitucional. Por otra parte, la propuesta tiene similitudes con el<br>r\u00e9gimen creado por el Decreto Ley 600 en 1974, conocido como Estatuto de la Inversi\u00f3n Extranjera. En plena dictadura para atraer capitales extranjeros se ofreci\u00f3 una serie de seguridades jur\u00eddicas y por cierto la invariabilidad tributaria. La realidad de Chile dista mucho de la de 1974 por lo que en 2015 con la reforma tributaria efectuada en el gobierno de la presidenta Bachelet, se derog\u00f3 ese r\u00e9gimen tributario. Se consider\u00f3 que las condiciones institucionales del pa\u00eds, daban suficiente garant\u00eda a la inversi\u00f3n extranjera. Los datos parecen corroborarlo, debido al continuo y progresivo incremento de inversi\u00f3n extranjera en sectores como el minero, energ\u00e9tico, y de nuevas tecnolog\u00edas. Adicionalmente, el escenario mundial, est\u00e1 favoreciendo la transformaci\u00f3n hacia la electro movilidad, lo que sin necesidad de garant\u00edas adicionales, propicia hoy el desarrollo de nuevos proyectos de Cobre, y potencia la industria del Litio, con un precio internacional al alza.<br>Es una discusi\u00f3n en que debiera escucharse a los entendidos. Lo que est\u00e1 en riesgo ac\u00e1 es<br>desencadenar un proceso de deterioro de las cuentas fiscales que puede frustrar por d\u00e9cadas nuestro<br>desarrollo. Los intentos de disimular el impacto de una reforma tributaria encubierta, es una forma de hacer pol\u00edtica de espaldas a la gente que se ver\u00e1 afectada. No es posible compensar la p\u00e9rdida de ingresos fiscales ciertos, por un incierto crecimiento econ\u00f3mico. Mucho menos alcanza para equilibrar la balanza, los numerosos recortes de programas sociales anunciados para el a\u00f1o 2027.<\/p>\n\n\n\n<p>Ofrecimientos del tipo rebaja de IVA a los pa\u00f1ales, no compensan ni de lejos el aumento del costo de<br>la vida. Los economistas advierten que todos estos ofrecimientos, dados a sectores del parlamento para<br>obtener la aprobaci\u00f3n de la reforma tributaria, tambi\u00e9n generan gasto fiscal, y, por tanto, contribuir\u00e1n a<br>incrementar el d\u00e9ficit fiscal. Consultado el ministro de Hacienda acerca de c\u00f3mo se va a asegurar de que el precio de los pa\u00f1ales no suba, se\u00f1al\u00f3 que no era funci\u00f3n del gobierno hacer eso, \u201cNo somos la Dirinco\u201d. En otra clara referencia a los a\u00f1os 70\u00b4.<br>Llam\u00f3 mucho la atenci\u00f3n el emplazamiento p\u00fablico que hizo la ex candidata presidencial do\u00f1a<br>Evelyn Mathei al ministro de Hacienda. La preocupaci\u00f3n de Mathei es por los anuncios de programas<br>sociales que se descontinuar\u00edan a contar de 2027, entre los m\u00e1s conocidos el Programa de Alimentaci\u00f3n<br>Escolar (PAE). Este programa fue creado por el ministro DC Radomiro Tomic, durante el gobierno del<br>presidente Frei Montalva, y ni siquiera el dictador Pinochet se atrevi\u00f3 a eliminarlo. Otras figuras<br>conservadoras como el ex ministro Monckeberg, tambi\u00e9n han advertido sobre la sorprendente falta de<br>empat\u00eda del ministro de Hacienda, el que ha llegado a decir, que desea que la \u00fanica pol\u00edtica social que exista, sea la del empleo. Echando por tierra la construcci\u00f3n de un sistema de protecci\u00f3n social, que se remonta a los albores de la rep\u00fablica.<br>Se espera que el Consejo Fiscal Aut\u00f3nomo, en l\u00ednea con las recomendaciones del FMI, advierta al<br>gobierno del riesgo de incrementar el d\u00e9ficit fiscal, con la reducci\u00f3n de ingresos que involucra la reforma<br>tributaria. Asimismo, se encuentra en tr\u00e1mite un requerimiento al TC, debido a la eventual<br>inconstitucionalidad del proyecto miscel\u00e1neo propuesto.<br>Sorprende la premura con que se pretende aprobar un proyecto de tantos alcances, y tantas<br>implicancias para la ciudadan\u00eda. La falta de socializaci\u00f3n de las amplias materias reguladas, parece ir en l\u00ednea con las altas tasas de desaprobaci\u00f3n que tempranamente golpean a la administraci\u00f3n. No por nada, los \u00fanicos que baten palmas por la rebaja tributaria son los l\u00edderes de la gran empresa. No se ve a los<br>pensionados, ni a los trabajadores, ni a las due\u00f1as de casa haciendo lo mismo.<br>En la Patagonia se dice \u201cEl que se apura pierde el tiempo\u201d. \u00bfNo ser\u00eda m\u00e1s razonable tomarse m\u00e1s<br>tiempo para discutir la reforma tributaria y dem\u00e1s materias?, un acuerdo conseguido pirquineando votos,<br>ofreciendo cosas por aqu\u00ed y por all\u00e1, no parece en l\u00ednea con un gobierno que pone a las personas en el<br>centro de su quehacer. A\u00fan es tiempo de corregir el rumbo y escuchar a los dem\u00e1s.<br>Ernesto Sep\u00falveda Tornero<\/p>\n","protected":false},"excerpt":{"rendered":"<p>Esta semana Chile entero fue sorprendido por las medidas econ\u00f3micas que contempla el megaproyecto del gobierno conservador. La oposici\u00f3n le ha llamado \u201cLey tutifruti\u201d, y el gobierno \u201cPlan dereconstrucci\u00f3n nacional\u201d,&#8230; <a class=\"read-more\" href=\"https:\/\/www.radiopresidenteibanez.cl\/web\/plan-de-reconstruccion-nacional\/\">Leer m\u00e1s<\/a><\/p>\n","protected":false},"author":2,"featured_media":64383,"comment_status":"closed","ping_status":"closed","sticky":false,"template":"","format":"standard","meta":{"footnotes":""},"categories":[1],"tags":[],"class_list":["post-64382","post","type-post","status-publish","format-standard","has-post-thumbnail","hentry","category-cronica"],"_links":{"self":[{"href":"https:\/\/www.radiopresidenteibanez.cl\/web\/wp-json\/wp\/v2\/posts\/64382","targetHints":{"allow":["GET"]}}],"collection":[{"href":"https:\/\/www.radiopresidenteibanez.cl\/web\/wp-json\/wp\/v2\/posts"}],"about":[{"href":"https:\/\/www.radiopresidenteibanez.cl\/web\/wp-json\/wp\/v2\/types\/post"}],"author":[{"embeddable":true,"href":"https:\/\/www.radiopresidenteibanez.cl\/web\/wp-json\/wp\/v2\/users\/2"}],"replies":[{"embeddable":true,"href":"https:\/\/www.radiopresidenteibanez.cl\/web\/wp-json\/wp\/v2\/comments?post=64382"}],"version-history":[{"count":1,"href":"https:\/\/www.radiopresidenteibanez.cl\/web\/wp-json\/wp\/v2\/posts\/64382\/revisions"}],"predecessor-version":[{"id":64384,"href":"https:\/\/www.radiopresidenteibanez.cl\/web\/wp-json\/wp\/v2\/posts\/64382\/revisions\/64384"}],"wp:featuredmedia":[{"embeddable":true,"href":"https:\/\/www.radiopresidenteibanez.cl\/web\/wp-json\/wp\/v2\/media\/64383"}],"wp:attachment":[{"href":"https:\/\/www.radiopresidenteibanez.cl\/web\/wp-json\/wp\/v2\/media?parent=64382"}],"wp:term":[{"taxonomy":"category","embeddable":true,"href":"https:\/\/www.radiopresidenteibanez.cl\/web\/wp-json\/wp\/v2\/categories?post=64382"},{"taxonomy":"post_tag","embeddable":true,"href":"https:\/\/www.radiopresidenteibanez.cl\/web\/wp-json\/wp\/v2\/tags?post=64382"}],"curies":[{"name":"wp","href":"https:\/\/api.w.org\/{rel}","templated":true}]}}