{"id":64377,"date":"2026-04-26T15:33:00","date_gmt":"2026-04-26T18:33:00","guid":{"rendered":"https:\/\/www.radiopresidenteibanez.cl\/web\/?p=64377"},"modified":"2026-04-26T13:35:27","modified_gmt":"2026-04-26T16:35:27","slug":"servicio-del-patrimonio-cultural-celebro-el-dia-del-libro-inaugurando-un-nuevo-punto-de-lectura-en-punta-arenas","status":"publish","type":"post","link":"https:\/\/www.radiopresidenteibanez.cl\/web\/servicio-del-patrimonio-cultural-celebro-el-dia-del-libro-inaugurando-un-nuevo-punto-de-lectura-en-punta-arenas\/","title":{"rendered":"Servicio del Patrimonio Cultural celebr\u00f3 el D\u00eda del Libro inaugurando un nuevo punto de lectura en Punta Arenas"},"content":{"rendered":"\n<p>Este jueves 23 de abril se inaugur\u00f3 un nuevo Punto de Lectura gracias a la gesti\u00f3n de la Coordinaci\u00f3n Regional de Bibliotecas P\u00fablicas&nbsp;del Servicio del Patrimonio Cultural (Serpat) en la Unidad Vecinal N\u00b0 22 \u00abMateo de Toro y Zambrano\u00bb del Barrio 18 de septiembre de Punta Arenas.<\/p>\n\n\n\n<p>La actividad, que incluy\u00f3 una actividad&nbsp;de fomento lector para ni\u00f1os y una expresi\u00f3n art\u00edstica&nbsp;del barrio, fue encabezada por la representante del seremi de Educaci\u00f3n, Carolina Andrade; la directora regional (s) del Serpat, Sylvia Monrroy; la presidenta de la Unidad Vecinal N\u00b0 22, Luisa Quezada, y el coordinador regional de Bibliotecas P\u00fablicas del Serpat, Bruno Sep\u00falveda.<\/p>\n\n\n\n<p>Junto con felicitar al equipo del Serpat por la gesti\u00f3n y agradecer el inter\u00e9s de los asistentes, la directora regional (s) del Serpat, Sylvia Monrroy,&nbsp;expres\u00f3 su satisfacci\u00f3n por \u00abacercarnos y relacionarnos con la comunidad a partir de este tipo de iniciativas, que son parte de un proceso de democratizaci\u00f3n cultural que ampl\u00eda nuestro alcance a un mayor n\u00famero de usuarios y usuarias, disponiendo estos libros cerca de sus hogares para facilitar el acceso a la literatura\u00bb.<\/p>\n\n\n\n<p>Con la conducci\u00f3n del escritor y funcionario de la Coordinaci\u00f3n Regional de Bibliotecas P\u00fablicas del Serpat, Juan Magal, la ceremonia destac\u00f3 el esp\u00edritu de la celebraci\u00f3n del D\u00eda Internacional del Libro: \u00abEn este mes de abril, en que se mueven las hojas de los libros, nos reencontramos con la magia de la lectura, escuchamos nuevamente de un tal Cervantes, un tal Shakespeare o el Inca Garcilaso, referentes de la literatura mundial que con su partida, en un mismo d\u00eda, no solo nos legaron su obra creativa sino la posibilidad de volver a levantar esas hojas de este oto\u00f1o que nos abrigan, para lanzarlas al viento y convertirlas en p\u00e1ginas vivas que se niegan a morir y se convierten en libros\u00bb.<\/p>\n\n\n\n<p>Luego, la compa\u00f1\u00eda Abelino y Kevin realiz\u00f3 la actividad de fomento lector \u00abLa nave de los cuentos antiguos\u00bb, un viaje interactivo por mitos, oralidad y relatos del territorio patag\u00f3nico, para continuar con la entusiasta presentaci\u00f3n de la agrupaci\u00f3n folcl\u00f3rica Luz del Estrecho, a cargo del profesor Fernando Alarc\u00f3n.<\/p>\n\n\n\n<p>Para implementar este nuevo Punto de Lectura, la Coordinaci\u00f3n de Bibliotecas P\u00fablicas del Serpat hizo entrega de 300 libros de diversa tem\u00e1tica: obras de historia regional, poes\u00eda, novelas, ensayos, investigaci\u00f3n period\u00edstica y literatura chilena en general. El coordinador regional de Bibliotecas P\u00fablicas, Bruno Sep\u00falveda, &nbsp;expres\u00f3 que:&nbsp;\u00abEn este d\u00eda tan especial traemos un presente para la comunidad, mediante la organizaci\u00f3n vecinal esta colecci\u00f3n de libros queda en manos de todas las personas de este barrio, sin importar la edad, su condici\u00f3n social o econ\u00f3mica, estamos seguros que encontrar\u00e1n ac\u00e1 un espacio de conocimiento, bienestar y crecimiento personal en torno a ellos, en consecuencia los puntos de lectura son una experiencia cogestionada con los vecinos y destinatarios, que hemos replicado en numerosos otros lugares de nuestra ciudad y la regi\u00f3n. Son espacios de &#8216;libros libres&#8217; en que la lectura busca convertirse en una pr\u00e1ctica habitual a trav\u00e9s del contacto con la escritura, la oralidad y la lectura en un espacio para los pobladores del sector\u201d.<\/p>\n\n\n\n<p>Por su parte, la presidenta de la Unidad Vecinal N\u00b0 22, Luisa Quezada, expres\u00f3 que \u00abeste Punto de Lectura era un sue\u00f1o que ten\u00edamos desde hace mucho tiempo, porque los libros son una manera de llevar la cultura a m\u00e1s gente, de ayudar a que todos los ni\u00f1os aprendan. Ahora estamos hablando con varios vecinos que se han ofrecido para venir a diferentes horas para hacer turnos y mostrar los libros; a los que nos trajeron ahora, se van a sumar otros que han sido donados, entonces la idea ahora es recopilarlos y ordenarlos en las estanter\u00edas; otro vecino nos va a ayudar a hacer la lista de los libros con computador. Me siento muy agradecida, porque est\u00e1 quedando muy lindo\u00bb.<\/p>\n\n\n\n<p><strong>Mes del Libro\u2002\u2002\u2002<\/strong>\u2002<\/p>\n\n\n\n<p>Desde principios de abril, distintas unidades del Serpat han impulsado el desarrollo de diversas actividades para celebrar el Mes del Libro. Entre ellas, la Coordinaci\u00f3n Regional de Bibliotecas P\u00fablicas organiz\u00f3 el Conversatorio Mitos y leyendas de Magallanes, realizado el 9 de abril en el Condominio de Viviendas Tuteladas \u201cEster Mar\u00eda Ed\u00e9n Wellington\u201d de Punta Arenas, actividad que tuvo como objetivo relevar la oralidad como expresi\u00f3n de la memoria local. El conversatorio fue conducido por el escritor Mario Isidro Moreno y busc\u00f3 incentivar la activaci\u00f3n de memorias y experiencias de los participantes, a partir de la reflexi\u00f3n respecto a historias locales compartidas. Dicha iniciativa se repiti\u00f3 el 16 de abril en el Condominio de Viviendas Tuteladas ubicado en Avenida Enrique Abello, Punta Arenas.<\/p>\n\n\n\n<p>En tanto, la presentaci\u00f3n de \u00abLa nave de los cuentos antiguos\u00bb se realizar\u00e1 nuevamente el pr\u00f3ximo 30 de abril en la Biblioteca P\u00fablica de San Gregorio para ampliar el despliegue territorial de esta celebraci\u00f3n.<\/p>\n","protected":false},"excerpt":{"rendered":"<p>Este jueves 23 de abril se inaugur\u00f3 un nuevo Punto de Lectura gracias a la gesti\u00f3n de la Coordinaci\u00f3n Regional de Bibliotecas P\u00fablicas&nbsp;del Servicio del Patrimonio Cultural (Serpat) en la&#8230; <a class=\"read-more\" href=\"https:\/\/www.radiopresidenteibanez.cl\/web\/servicio-del-patrimonio-cultural-celebro-el-dia-del-libro-inaugurando-un-nuevo-punto-de-lectura-en-punta-arenas\/\">Leer m\u00e1s<\/a><\/p>\n","protected":false},"author":2,"featured_media":64378,"comment_status":"closed","ping_status":"closed","sticky":false,"template":"","format":"standard","meta":{"footnotes":""},"categories":[1],"tags":[],"class_list":["post-64377","post","type-post","status-publish","format-standard","has-post-thumbnail","hentry","category-cronica"],"_links":{"self":[{"href":"https:\/\/www.radiopresidenteibanez.cl\/web\/wp-json\/wp\/v2\/posts\/64377","targetHints":{"allow":["GET"]}}],"collection":[{"href":"https:\/\/www.radiopresidenteibanez.cl\/web\/wp-json\/wp\/v2\/posts"}],"about":[{"href":"https:\/\/www.radiopresidenteibanez.cl\/web\/wp-json\/wp\/v2\/types\/post"}],"author":[{"embeddable":true,"href":"https:\/\/www.radiopresidenteibanez.cl\/web\/wp-json\/wp\/v2\/users\/2"}],"replies":[{"embeddable":true,"href":"https:\/\/www.radiopresidenteibanez.cl\/web\/wp-json\/wp\/v2\/comments?post=64377"}],"version-history":[{"count":1,"href":"https:\/\/www.radiopresidenteibanez.cl\/web\/wp-json\/wp\/v2\/posts\/64377\/revisions"}],"predecessor-version":[{"id":64379,"href":"https:\/\/www.radiopresidenteibanez.cl\/web\/wp-json\/wp\/v2\/posts\/64377\/revisions\/64379"}],"wp:featuredmedia":[{"embeddable":true,"href":"https:\/\/www.radiopresidenteibanez.cl\/web\/wp-json\/wp\/v2\/media\/64378"}],"wp:attachment":[{"href":"https:\/\/www.radiopresidenteibanez.cl\/web\/wp-json\/wp\/v2\/media?parent=64377"}],"wp:term":[{"taxonomy":"category","embeddable":true,"href":"https:\/\/www.radiopresidenteibanez.cl\/web\/wp-json\/wp\/v2\/categories?post=64377"},{"taxonomy":"post_tag","embeddable":true,"href":"https:\/\/www.radiopresidenteibanez.cl\/web\/wp-json\/wp\/v2\/tags?post=64377"}],"curies":[{"name":"wp","href":"https:\/\/api.w.org\/{rel}","templated":true}]}}