{"id":64374,"date":"2026-04-26T13:33:16","date_gmt":"2026-04-26T16:33:16","guid":{"rendered":"https:\/\/www.radiopresidenteibanez.cl\/web\/?p=64374"},"modified":"2026-04-26T13:33:19","modified_gmt":"2026-04-26T16:33:19","slug":"copa-aguas-magallanes-comienza-una-nueva-temporada-del-basquetbol-federado-regional","status":"publish","type":"post","link":"https:\/\/www.radiopresidenteibanez.cl\/web\/copa-aguas-magallanes-comienza-una-nueva-temporada-del-basquetbol-federado-regional\/","title":{"rendered":"COPA AGUAS MAGALLANES: COMIENZA UNA NUEVA TEMPORADA DEL B\u00c1SQUETBOL FEDERADO REGIONAL"},"content":{"rendered":"\n<p>Este s\u00e1bado 25 de abril, a las 16:30 horas, el gimnasio de la Confederaci\u00f3n Deportiva de Magallanes ser\u00e1 el escenario para el inicio de una nueva temporada de la Copa Aguas Magallanes. El tradicional certamen, organizado por la Asociaci\u00f3n de B\u00e1squetbol de Punta Arenas con el respaldo de la empresa sanitaria, se consolida como el pilar del calendario oficial federado en la regi\u00f3n.<\/p>\n\n\n\n<p>Esta d\u00e9cimo primera versi\u00f3n del torneo no solo destaca por su longevidad, sino por su creciente nivel t\u00e9cnico. Al respecto, el dirigente del b\u00e1squetbol regional, Javier Mimica, extendi\u00f3 una invitaci\u00f3n a toda la comunidad magall\u00e1nica a ser parte de esta fiesta deportiva:<\/p>\n\n\n\n<p>\u00abSe ha trabajado intensamente para entregar un gran espect\u00e1culo deportivo y esperamos una competencia de alto nivel, tal como la gran final que vivimos el a\u00f1o pasado. El actual campe\u00f3n, Hispano Americano, viene con el objetivo de revalidar su t\u00edtulo, mientras que los otros siete equipos luchar\u00e1n en buena lid para arrebat\u00e1rselo\u00bb, destac\u00f3 Mimica, quien adem\u00e1s valor\u00f3 el permanente apoyo de Aguas Magallanes para dar continuidad a esta disciplina.<\/p>\n\n\n\n<p>Configuraci\u00f3n del Torneo y Participantes<\/p>\n\n\n\n<p>La competencia masculina contar\u00e1 con la participaci\u00f3n de clubes hist\u00f3ricos como Sokol, Espa\u00f1ol, Liceo, Cordenap, Inacap, Universidad de Magallanes y Chile, sumando el componente internacional con el Club Hispano Americano de R\u00edo Gallegos, Argentina. Por su parte, la categor\u00eda femenina contar\u00e1 con cinco equipos, reafirmando la relevancia del torneo en el b\u00e1squetbol adulto regional.<\/p>\n\n\n\n<p>El sistema de competencia se dividir\u00e1 en dos etapas: Campeonato de Apertura y Campeonato de Clausura, definiendo monarcas independientes en ambas categor\u00edas.<\/p>\n\n\n\n<p>Compromiso con la Identidad Local<\/p>\n\n\n\n<p>Desde la sanitaria, el gerente regional, Christian Adema Galetovic, subray\u00f3 que para la compa\u00f1\u00eda es significativo acompa\u00f1ar iniciativas que forman parte de la identidad deportiva de la zona. \u00abValoramos estos espacios que fortalecen la vida comunitaria y permiten acompa\u00f1ar el desarrollo de deportistas y dirigentes comprometidos\u00bb, se\u00f1al\u00f3.<\/p>\n\n\n\n<p>La jornada inaugural de este s\u00e1bado es abierta a la comunidad, invitando a las familias a reencontrarse con el b\u00e1squetbol en el extremo sur del pa\u00eds.<\/p>\n","protected":false},"excerpt":{"rendered":"<p>Este s\u00e1bado 25 de abril, a las 16:30 horas, el gimnasio de la Confederaci\u00f3n Deportiva de Magallanes ser\u00e1 el escenario para el inicio de una nueva temporada de la Copa&#8230; <a class=\"read-more\" href=\"https:\/\/www.radiopresidenteibanez.cl\/web\/copa-aguas-magallanes-comienza-una-nueva-temporada-del-basquetbol-federado-regional\/\">Leer m\u00e1s<\/a><\/p>\n","protected":false},"author":2,"featured_media":64375,"comment_status":"closed","ping_status":"closed","sticky":false,"template":"","format":"standard","meta":{"footnotes":""},"categories":[1],"tags":[],"class_list":["post-64374","post","type-post","status-publish","format-standard","has-post-thumbnail","hentry","category-cronica"],"_links":{"self":[{"href":"https:\/\/www.radiopresidenteibanez.cl\/web\/wp-json\/wp\/v2\/posts\/64374","targetHints":{"allow":["GET"]}}],"collection":[{"href":"https:\/\/www.radiopresidenteibanez.cl\/web\/wp-json\/wp\/v2\/posts"}],"about":[{"href":"https:\/\/www.radiopresidenteibanez.cl\/web\/wp-json\/wp\/v2\/types\/post"}],"author":[{"embeddable":true,"href":"https:\/\/www.radiopresidenteibanez.cl\/web\/wp-json\/wp\/v2\/users\/2"}],"replies":[{"embeddable":true,"href":"https:\/\/www.radiopresidenteibanez.cl\/web\/wp-json\/wp\/v2\/comments?post=64374"}],"version-history":[{"count":1,"href":"https:\/\/www.radiopresidenteibanez.cl\/web\/wp-json\/wp\/v2\/posts\/64374\/revisions"}],"predecessor-version":[{"id":64376,"href":"https:\/\/www.radiopresidenteibanez.cl\/web\/wp-json\/wp\/v2\/posts\/64374\/revisions\/64376"}],"wp:featuredmedia":[{"embeddable":true,"href":"https:\/\/www.radiopresidenteibanez.cl\/web\/wp-json\/wp\/v2\/media\/64375"}],"wp:attachment":[{"href":"https:\/\/www.radiopresidenteibanez.cl\/web\/wp-json\/wp\/v2\/media?parent=64374"}],"wp:term":[{"taxonomy":"category","embeddable":true,"href":"https:\/\/www.radiopresidenteibanez.cl\/web\/wp-json\/wp\/v2\/categories?post=64374"},{"taxonomy":"post_tag","embeddable":true,"href":"https:\/\/www.radiopresidenteibanez.cl\/web\/wp-json\/wp\/v2\/tags?post=64374"}],"curies":[{"name":"wp","href":"https:\/\/api.w.org\/{rel}","templated":true}]}}