{"id":6436,"date":"2019-08-17T03:05:50","date_gmt":"2019-08-17T03:05:50","guid":{"rendered":"http:\/\/www.radiopresidenteibanez.cl\/web\/?p=6436"},"modified":"2019-08-17T03:05:56","modified_gmt":"2019-08-17T03:05:56","slug":"folclore-de-magallanes-en-lo-mas-alto-de-festival-de-danzas-de-arequipa-peru","status":"publish","type":"post","link":"https:\/\/www.radiopresidenteibanez.cl\/web\/folclore-de-magallanes-en-lo-mas-alto-de-festival-de-danzas-de-arequipa-peru\/","title":{"rendered":"FOLCLORE DE MAGALLANES EN LO M\u00c1S ALTO DE FESTIVAL DE DANZAS DE AREQUIPA PER\u00da"},"content":{"rendered":"\n<p>La agrupaci\u00f3n folcl\u00f3rica Esencias de mi Tierra, brill\u00f3 en su primera presentaci\u00f3n en el festival de danzas de Arequipa, Peru.<\/p>\n\n\n\n<p>La delegaci\u00f3n de Magallanes, que est\u00e1 representando a la region y a nuestro pa\u00eds, present\u00f3 las danzas y bailes patagonicos frente a un poco m\u00e1s de mil personas quienes se deleitaron con los ritmos folcl\u00f3ricos t\u00edpicos del sur de Chile.<\/p>\n\n\n\n<p>La delegaci\u00f3n Magallanica se encuentra en perfecta condiciones y durante el fin de semana seguir\u00e1n present\u00e1ndose en el festival con diferentes coreograf\u00edas acompa\u00f1adas de m\u00fasicos en vivo que tambi\u00e9n pertenecen a la agrupaci\u00f3n Esencias de mi Tierra.<\/p>\n\n\n\n<p>Link festival: <a href=\"https:\/\/www.facebook.com\/Arequipaesfiesta\/\">https:\/\/www.facebook.com\/Arequipaesfiesta\/<\/a><\/p>\n\n\n\n<ul class=\"wp-block-gallery columns-2 is-cropped wp-block-gallery-1 is-layout-flex wp-block-gallery-is-layout-flex\"><li class=\"blocks-gallery-item\"><figure><img loading=\"lazy\" decoding=\"async\" width=\"1024\" height=\"576\" src=\"https:\/\/www.radiopresidenteibanez.cl\/web\/wp-content\/uploads\/2019\/08\/WhatsApp-Image-2019-08-16-at-23.04.30-1024x576.jpeg\" alt=\"\" data-id=\"6437\" data-link=\"https:\/\/www.radiopresidenteibanez.cl\/web\/?attachment_id=6437\" class=\"wp-image-6437\" srcset=\"https:\/\/www.radiopresidenteibanez.cl\/web\/wp-content\/uploads\/2019\/08\/WhatsApp-Image-2019-08-16-at-23.04.30.jpeg 1024w, https:\/\/www.radiopresidenteibanez.cl\/web\/wp-content\/uploads\/2019\/08\/WhatsApp-Image-2019-08-16-at-23.04.30-300x169.jpeg 300w, https:\/\/www.radiopresidenteibanez.cl\/web\/wp-content\/uploads\/2019\/08\/WhatsApp-Image-2019-08-16-at-23.04.30-768x432.jpeg 768w\" sizes=\"auto, (max-width: 1024px) 100vw, 1024px\" \/><\/figure><\/li><li class=\"blocks-gallery-item\"><figure><img loading=\"lazy\" decoding=\"async\" width=\"1024\" height=\"768\" src=\"https:\/\/www.radiopresidenteibanez.cl\/web\/wp-content\/uploads\/2019\/08\/WhatsApp-Image-2019-08-16-at-23.16.35-1024x768.jpeg\" alt=\"\" data-id=\"6438\" data-link=\"https:\/\/www.radiopresidenteibanez.cl\/web\/?attachment_id=6438\" class=\"wp-image-6438\" srcset=\"https:\/\/www.radiopresidenteibanez.cl\/web\/wp-content\/uploads\/2019\/08\/WhatsApp-Image-2019-08-16-at-23.16.35-1024x768.jpeg 1024w, https:\/\/www.radiopresidenteibanez.cl\/web\/wp-content\/uploads\/2019\/08\/WhatsApp-Image-2019-08-16-at-23.16.35-300x225.jpeg 300w, https:\/\/www.radiopresidenteibanez.cl\/web\/wp-content\/uploads\/2019\/08\/WhatsApp-Image-2019-08-16-at-23.16.35-768x576.jpeg 768w, https:\/\/www.radiopresidenteibanez.cl\/web\/wp-content\/uploads\/2019\/08\/WhatsApp-Image-2019-08-16-at-23.16.35.jpeg 1032w\" sizes=\"auto, (max-width: 1024px) 100vw, 1024px\" \/><\/figure><\/li><\/ul>\n","protected":false},"excerpt":{"rendered":"<p>La agrupaci\u00f3n folcl\u00f3rica Esencias de mi Tierra, brill\u00f3 en su primera presentaci\u00f3n en el festival de danzas de Arequipa, Peru. La delegaci\u00f3n de Magallanes, que est\u00e1 representando a la region&#8230; <a class=\"read-more\" href=\"https:\/\/www.radiopresidenteibanez.cl\/web\/folclore-de-magallanes-en-lo-mas-alto-de-festival-de-danzas-de-arequipa-peru\/\">Leer m\u00e1s<\/a><\/p>\n","protected":false},"author":2,"featured_media":6438,"comment_status":"closed","ping_status":"closed","sticky":false,"template":"","format":"standard","meta":{"footnotes":""},"categories":[4],"tags":[],"class_list":["post-6436","post","type-post","status-publish","format-standard","has-post-thumbnail","hentry","category-entretenimiento-y-cultura"],"_links":{"self":[{"href":"https:\/\/www.radiopresidenteibanez.cl\/web\/wp-json\/wp\/v2\/posts\/6436","targetHints":{"allow":["GET"]}}],"collection":[{"href":"https:\/\/www.radiopresidenteibanez.cl\/web\/wp-json\/wp\/v2\/posts"}],"about":[{"href":"https:\/\/www.radiopresidenteibanez.cl\/web\/wp-json\/wp\/v2\/types\/post"}],"author":[{"embeddable":true,"href":"https:\/\/www.radiopresidenteibanez.cl\/web\/wp-json\/wp\/v2\/users\/2"}],"replies":[{"embeddable":true,"href":"https:\/\/www.radiopresidenteibanez.cl\/web\/wp-json\/wp\/v2\/comments?post=6436"}],"version-history":[{"count":0,"href":"https:\/\/www.radiopresidenteibanez.cl\/web\/wp-json\/wp\/v2\/posts\/6436\/revisions"}],"wp:featuredmedia":[{"embeddable":true,"href":"https:\/\/www.radiopresidenteibanez.cl\/web\/wp-json\/wp\/v2\/media\/6438"}],"wp:attachment":[{"href":"https:\/\/www.radiopresidenteibanez.cl\/web\/wp-json\/wp\/v2\/media?parent=6436"}],"wp:term":[{"taxonomy":"category","embeddable":true,"href":"https:\/\/www.radiopresidenteibanez.cl\/web\/wp-json\/wp\/v2\/categories?post=6436"},{"taxonomy":"post_tag","embeddable":true,"href":"https:\/\/www.radiopresidenteibanez.cl\/web\/wp-json\/wp\/v2\/tags?post=6436"}],"curies":[{"name":"wp","href":"https:\/\/api.w.org\/{rel}","templated":true}]}}