{"id":6432,"date":"2019-08-16T19:34:31","date_gmt":"2019-08-16T19:34:31","guid":{"rendered":"http:\/\/www.radiopresidenteibanez.cl\/web\/?p=6432"},"modified":"2019-08-16T19:34:38","modified_gmt":"2019-08-16T19:34:38","slug":"bus-rehabilitador-permitira-trasladar-a-14-pacientes-gracias-a-convenio-entre-salmonicultoras-y-corporacion-de-rehabilitacion","status":"publish","type":"post","link":"https:\/\/www.radiopresidenteibanez.cl\/web\/bus-rehabilitador-permitira-trasladar-a-14-pacientes-gracias-a-convenio-entre-salmonicultoras-y-corporacion-de-rehabilitacion\/","title":{"rendered":"BUS REHABILITADOR PERMITIR\u00c1 TRASLADAR A 14 PACIENTES GRACIAS A CONVENIO ENTRE SALMONICULTORAS Y CORPORACI\u00d3N DE REHABILITACI\u00d3N"},"content":{"rendered":"\n<p>La\niniciativa se gest\u00f3 gracias a la petici\u00f3n de la madre de un paciente postrado, quien recurri\u00f3 a la Asociaci\u00f3n de Salmonicultores\npara costear la movilizaci\u00f3n de su familiar. Esto dio origen a la coordinaci\u00f3n\nentre la Asociaci\u00f3n y la Corporaci\u00f3n de Rehabilitaci\u00f3n Club de Leones Cruz del Sur, que concluy\u00f3\nen un convenio que permite la contrataci\u00f3n de un chofer para un Bus\nRehabilitador, y que posibilita la atenci\u00f3n de otras 13 personas.<\/p>\n\n\n\n<p>Carolina Quintul, madre\ndel paciente postrado que dio origen a esta iniciativa, mostr\u00f3 su\nagradecimiento tanto a la Asociaci\u00f3n de Salmonicultores como a la Corporaci\u00f3n\nde Rehabilitaci\u00f3n. La iniciativa permite, despu\u00e9s de 4 a\u00f1os, que su hijo Carlos\nMu\u00f1oz reciba terapia en el centro tres veces a la semana. \u201cLlev\u00e1bamos muchos\na\u00f1os esperando un transporte para llevar a mi hijo al centro de rehabilitaci\u00f3n.\nA trav\u00e9s de mi comunidad kaw\u00e9sqar conoc\u00ed a las empresas salmonicultoras que\nestaban trabajando con las comunidades y de esa manera ellos se interesaron en\nconocer la historia de mi hijo y buscaron la manera de ayudarlo\u201d.<\/p>\n\n\n\n<p>Pero el anhelo de\nCarolina no solo se concret\u00f3 para ella y su familia, sino para otros 13\npacientes que utilizan el Bus Rehabilitador. Jacob Hern\u00e1ndez es oriundo de\nChilo\u00e9 y lleg\u00f3 a Magallanes en busca de rehabilitaci\u00f3n. Hasta ahora su gran\nobst\u00e1culo era trasladarse desde su casa al centro. \u201cPara m\u00ed y las personas que\nhan sido beneficiadas ha sido maravilloso, ha cambiado nuestras vidas porque\nlos traslados nos complicaban mucho. Gracias a esto, nos hemos tranquilizado,\nnos relajamos, la tensi\u00f3n de no saber c\u00f3mo llegar al centro termin\u00f3\u201d. <\/p>\n\n\n\n<p>La Asociaci\u00f3n de\nSalmonicultores de Magallanes, asumi\u00f3 un nuevo compromiso con la Corporaci\u00f3n de\nRehabilitaci\u00f3n y sus pacientes, el que se prolongar\u00e1 en el tiempo, a trav\u00e9s de\naportes de todas sus empresas que producen salm\u00f3n en Magallanes. \u201cParte del\ncompromiso de la industria con la regi\u00f3n es colaborar en mejorar la calidad de\nvida de los magall\u00e1nicos. Despu\u00e9s de conocer el caso del hijo de Carolina\nQuintul, no dudamos en apoyarla. &nbsp;Por\notro lado, la Asociaci\u00f3n hace p\u00fablico su compromiso con la Corporaci\u00f3n de\nRehabilitaci\u00f3n Club de Leones Cruz del Sur, el que va mucho m\u00e1s all\u00e1 de las Jornadas\npor la Rehabilitaci\u00f3n\u201d, coment\u00f3 Cristian Kubota, gerente general de la\nAsociaci\u00f3n de Salmonicultores de Magallanes. <\/p>\n\n\n\n<p>Asterio Andrade,\ndirector&nbsp; ejecutivo de la Corporaci\u00f3n de\nRehabilitaci\u00f3n Club de Leones Cruz del Sur, agradeci\u00f3 el aporte realizado por Asociaci\u00f3n\nde Salmonicultores de Magallanes por esta importante donaci\u00f3n \u201cque nos permite\ncontar con un chofer, quien se preocupa del traslado de pacientes a nuestra\nsede. &nbsp;Los&nbsp; usuarios que son beneficiarios de esta ayuda\nhan sido evaluados t\u00e9cnicamente por el m\u00e9dico fisiatra y trabajadora social,\nestableciendo criterios de exclusi\u00f3n, considerando una serie de variables como\ncondici\u00f3n f\u00edsica y social. Hay una lista de espera acotada. Adem\u00e1s, debemos\nexplicar que este beneficio no puede ser extendido a m\u00e1s pacientes, ya que la\ncapacidad t\u00e9cnica del bus est\u00e1 al tope\u201d, se\u00f1al\u00f3.&nbsp; <\/p>\n","protected":false},"excerpt":{"rendered":"<p>La iniciativa se gest\u00f3 gracias a la petici\u00f3n de la madre de un paciente postrado, quien recurri\u00f3 a la Asociaci\u00f3n de Salmonicultores para costear la movilizaci\u00f3n de su familiar. Esto&#8230; <a class=\"read-more\" href=\"https:\/\/www.radiopresidenteibanez.cl\/web\/bus-rehabilitador-permitira-trasladar-a-14-pacientes-gracias-a-convenio-entre-salmonicultoras-y-corporacion-de-rehabilitacion\/\">Leer m\u00e1s<\/a><\/p>\n","protected":false},"author":2,"featured_media":6433,"comment_status":"closed","ping_status":"closed","sticky":false,"template":"","format":"standard","meta":{"footnotes":""},"categories":[1],"tags":[],"class_list":["post-6432","post","type-post","status-publish","format-standard","has-post-thumbnail","hentry","category-cronica"],"_links":{"self":[{"href":"https:\/\/www.radiopresidenteibanez.cl\/web\/wp-json\/wp\/v2\/posts\/6432","targetHints":{"allow":["GET"]}}],"collection":[{"href":"https:\/\/www.radiopresidenteibanez.cl\/web\/wp-json\/wp\/v2\/posts"}],"about":[{"href":"https:\/\/www.radiopresidenteibanez.cl\/web\/wp-json\/wp\/v2\/types\/post"}],"author":[{"embeddable":true,"href":"https:\/\/www.radiopresidenteibanez.cl\/web\/wp-json\/wp\/v2\/users\/2"}],"replies":[{"embeddable":true,"href":"https:\/\/www.radiopresidenteibanez.cl\/web\/wp-json\/wp\/v2\/comments?post=6432"}],"version-history":[{"count":0,"href":"https:\/\/www.radiopresidenteibanez.cl\/web\/wp-json\/wp\/v2\/posts\/6432\/revisions"}],"wp:featuredmedia":[{"embeddable":true,"href":"https:\/\/www.radiopresidenteibanez.cl\/web\/wp-json\/wp\/v2\/media\/6433"}],"wp:attachment":[{"href":"https:\/\/www.radiopresidenteibanez.cl\/web\/wp-json\/wp\/v2\/media?parent=6432"}],"wp:term":[{"taxonomy":"category","embeddable":true,"href":"https:\/\/www.radiopresidenteibanez.cl\/web\/wp-json\/wp\/v2\/categories?post=6432"},{"taxonomy":"post_tag","embeddable":true,"href":"https:\/\/www.radiopresidenteibanez.cl\/web\/wp-json\/wp\/v2\/tags?post=6432"}],"curies":[{"name":"wp","href":"https:\/\/api.w.org\/{rel}","templated":true}]}}