{"id":6421,"date":"2019-08-15T18:04:52","date_gmt":"2019-08-15T18:04:52","guid":{"rendered":"http:\/\/www.radiopresidenteibanez.cl\/web\/?p=6421"},"modified":"2019-08-15T18:04:58","modified_gmt":"2019-08-15T18:04:58","slug":"valentin-trujillo-deja-su-cargo-de-consejero-scd-y-es-nombrado-miembro-honorifico-del-consejo-directivo-de-la-organizacion","status":"publish","type":"post","link":"https:\/\/www.radiopresidenteibanez.cl\/web\/valentin-trujillo-deja-su-cargo-de-consejero-scd-y-es-nombrado-miembro-honorifico-del-consejo-directivo-de-la-organizacion\/","title":{"rendered":"VALENT\u00cdN TRUJILLO DEJA SU CARGO DE CONSEJERO SCD Y ES NOMBRADO MIEMBRO HONOR\u00cdFICO DEL CONSEJO DIRECTIVO DE LA ORGANIZACI\u00d3N"},"content":{"rendered":"\n<p>\u201cHe adoptado la dif\u00edcil decisi\u00f3n, pero indeclinable, de dar un paso al costado como Consejero, a fin de que nuevos compositores y artistas asuman, como yo he pretendido hacerlo permanentemente, el deber de continuar enalteciendo la labor que desarrolla nuestra noble Corporaci\u00f3n\u201d.<\/p>\n\n\n\n<p>El m\u00fasico de 86 a\u00f1os, deja su labor como Consejero y con ello a\u00f1os de trabajo por la protecci\u00f3n de los derechos de los autores nacionales, el cual se vio reflejado en importantes hitos de los cuales form\u00f3 parte, como la aprobaci\u00f3n de las modificaciones a la Ley de Propiedad Intelectual que en 1992 permiti\u00f3 el funcionamiento y autonom\u00eda de SCD, o la promulgaci\u00f3n en el a\u00f1o 2015 de la Ley del 20% de m\u00fasica chilena.<\/p>\n\n\n\n<p>Valent\u00edn Trujillo se uni\u00f3 al Consejo Directivo de SCD en 1990, como Primer Vicepresidente del en ese entonces Presidente de la organizaci\u00f3n, Jos\u00e9 Goles. Luego se mantuvo como miembro del Consejo hasta el a\u00f1o 2005, donde sale por un corto per\u00edodo para regresar en el 2009, y asumir a partir del 2011 el cargo de Secretario General.<\/p>\n\n\n\n<p>\u00a0\u201cEstoy seguro de que, a pesar de la complejidad en la que se desarrolla la protecci\u00f3n de los derechos de los creadores e int\u00e9rpretes musicales, las bases construidas permitir\u00e1n a esta Corporaci\u00f3n su continua adaptaci\u00f3n para afrontar los retos, las responsabilidades y los elevados niveles de exigencia que nos demanda el presente, para una adecuada defensa del patrimonio vivo de la m\u00fasica nacional\u201d, concluy\u00f3 el m\u00fasico en la carta que extendi\u00f3 al Consejo notificando de su salida.<\/p>\n\n\n\n<p><br>Por toda su labor y aporte al crecimiento de SCD, Don Valent\u00edn ser\u00e1 designado Miembro Honor\u00edfico del Consejo Directivo de SCD, nombramiento creado especialmente para \u00e9l, y que ser\u00e1 oficializado pr\u00f3ximamente. Adem\u00e1s, a finales de este mes, se inaugurar\u00e1 el Auditorio Valent\u00edn Trujillo, emplazado en las oficinas de SCD, como una forma de preservar su legado.<\/p>\n\n\n\n<p>\u201cComo Consejo Directivo no podemos m\u00e1s que agradecer a Valent\u00edn todos los a\u00f1os que ha trabajado por los m\u00fasicos y m\u00fasicas en Chile, poniendo toda su energ\u00eda y experiencia al servicio de nuestra organizaci\u00f3n. Quisi\u00e9ramos tenerlo siempre con nosotros, pero entendemos de sobra sus motivaciones, y este nuevo t\u00edtulo que recibir\u00e1 es una forma de preservar su aporte y valorar todo ese trabajo realizado\u201d, afirm\u00f3 el Presidente de SCD, Horacio Salinas. \u00a0 \u00a0<\/p>\n","protected":false},"excerpt":{"rendered":"<p>\u201cHe adoptado la dif\u00edcil decisi\u00f3n, pero indeclinable, de dar un paso al costado como Consejero, a fin de que nuevos compositores y artistas asuman, como yo he pretendido hacerlo permanentemente,&#8230; <a class=\"read-more\" href=\"https:\/\/www.radiopresidenteibanez.cl\/web\/valentin-trujillo-deja-su-cargo-de-consejero-scd-y-es-nombrado-miembro-honorifico-del-consejo-directivo-de-la-organizacion\/\">Leer m\u00e1s<\/a><\/p>\n","protected":false},"author":2,"featured_media":6422,"comment_status":"closed","ping_status":"closed","sticky":false,"template":"","format":"standard","meta":{"footnotes":""},"categories":[1],"tags":[],"class_list":["post-6421","post","type-post","status-publish","format-standard","has-post-thumbnail","hentry","category-cronica"],"_links":{"self":[{"href":"https:\/\/www.radiopresidenteibanez.cl\/web\/wp-json\/wp\/v2\/posts\/6421","targetHints":{"allow":["GET"]}}],"collection":[{"href":"https:\/\/www.radiopresidenteibanez.cl\/web\/wp-json\/wp\/v2\/posts"}],"about":[{"href":"https:\/\/www.radiopresidenteibanez.cl\/web\/wp-json\/wp\/v2\/types\/post"}],"author":[{"embeddable":true,"href":"https:\/\/www.radiopresidenteibanez.cl\/web\/wp-json\/wp\/v2\/users\/2"}],"replies":[{"embeddable":true,"href":"https:\/\/www.radiopresidenteibanez.cl\/web\/wp-json\/wp\/v2\/comments?post=6421"}],"version-history":[{"count":0,"href":"https:\/\/www.radiopresidenteibanez.cl\/web\/wp-json\/wp\/v2\/posts\/6421\/revisions"}],"wp:featuredmedia":[{"embeddable":true,"href":"https:\/\/www.radiopresidenteibanez.cl\/web\/wp-json\/wp\/v2\/media\/6422"}],"wp:attachment":[{"href":"https:\/\/www.radiopresidenteibanez.cl\/web\/wp-json\/wp\/v2\/media?parent=6421"}],"wp:term":[{"taxonomy":"category","embeddable":true,"href":"https:\/\/www.radiopresidenteibanez.cl\/web\/wp-json\/wp\/v2\/categories?post=6421"},{"taxonomy":"post_tag","embeddable":true,"href":"https:\/\/www.radiopresidenteibanez.cl\/web\/wp-json\/wp\/v2\/tags?post=6421"}],"curies":[{"name":"wp","href":"https:\/\/api.w.org\/{rel}","templated":true}]}}